{"id":6839,"date":"2020-05-29T16:36:45","date_gmt":"2020-05-29T16:36:45","guid":{"rendered":"https:\/\/oparanews.com.br\/?p=6839"},"modified":"2020-05-29T16:36:45","modified_gmt":"2020-05-29T16:36:45","slug":"semdesh-penedo-segue-fortalecendo-lacos-com-a-comunidade","status":"publish","type":"post","link":"https:\/\/www.oparanews.com.br\/index.php\/2020\/05\/29\/semdesh-penedo-segue-fortalecendo-lacos-com-a-comunidade\/","title":{"rendered":"Semdesh Penedo segue fortalecendo la\u00e7os com a comunidade"},"content":{"rendered":"<p>Continuando com a distribui\u00e7\u00e3o de kits de higiene para os usu\u00e1rios dos CRAS (Centro de Refer\u00eancia em Assist\u00eancia Social) e SCFV- Servi\u00e7o de Conviv\u00eancia e Fortalecimento de V\u00ednculos , com o objetivo de combater o novo Corona V\u00edrus (Covid-19), assim como fortalecer os v\u00ednculos as comunidades, na quinta-feira (28) foi a vez dos benefici\u00e1rios residentes no Bairro Santo Ant\u00f4nio, Popular Barro Vermelho.<\/p>\n<p>Al\u00e9m de entregar os kits composto por diversos produtos, as equipes do CRAS, SCFV e Semdesh (Secretaria Municipal de Desenvolvimento Social e Habita\u00e7\u00e3o) levam mensagens de apoio e orientaliza\u00e7\u00e3o as beneficiarias, em sua maioria idosas com mais de 60 anos, um dos grupos de risco para Covid-19.<\/p>\n<p>Para a Diretora de Planejamento da Semdesh Penedo, Isabela Cerqueira, a a\u00e7\u00e3o representa um \u2018delivery de amor\u2019, na qual as equipes v\u00e3o ao encontro das usu\u00e1rias, pessoas em situa\u00e7\u00e3o de vulnerabilidade social, para al\u00e9m de combater o Covid-19 dar aten\u00e7\u00e3o e carinho aos assistidos pelo munic\u00edpio.<\/p>\n<p>Uma das atendidas foi a Senhora Maria Aparecida, residente na rua do Arame e participante do Servi\u00e7o de Conviv\u00eancia e Fortalecimento de V\u00ednculos, que afirmou estar muito feliz com a aten\u00e7\u00e3o dispensada pela Semdesh Penedo.<\/p>\n<p>Ela desejou que a situa\u00e7\u00e3o atual de pandemia tenha logo um fim, para que possa retornar as atividades do SCFV.<\/p>\n<p>\u201cPara mim, eles s\u00e3o como uma fam\u00edlia, sinto muitas saudades e queria que tudo voltasse logo ao normal, para podermos fazer nossas gin\u00e1stica ao lado dessa turma maravilhosa\u201d, declarou.<\/p>\n<p>&nbsp;<\/p>\n<p><strong>por Thiago Sobral &#8211; Decom<\/strong><\/p>\n<p>&nbsp;<\/p>\n","protected":false},"excerpt":{"rendered":"<p>Continuando com a distribui\u00e7\u00e3o de kits de higiene para os usu\u00e1rios dos CRAS (Centro de Refer\u00eancia em Assist\u00eancia Social) e SCFV- Servi\u00e7o de Conviv\u00eancia e Fortalecimento de V\u00ednculos , com o objetivo de combater o novo Corona V\u00edrus (Covid-19), assim como fortalecer os v\u00ednculos as comunidades, na quinta-feira (28) foi a vez dos benefici\u00e1rios residentes &hellip;<\/p>\n","protected":false},"author":1,"featured_media":6840,"comment_status":"open","ping_status":"open","sticky":false,"template":"","format":"standard","meta":{"_jetpack_newsletter_access":"","_jetpack_dont_email_post_to_subs":false,"_jetpack_newsletter_tier_id":0,"_jetpack_memberships_contains_paywalled_content":false,"_jetpack_memberships_contains_paid_content":false,"footnotes":""},"categories":[1],"tags":[],"class_list":["post-6839","post","type-post","status-publish","format-standard","has-post-thumbnail","hentry","category-destaque"],"jetpack_sharing_enabled":true,"jetpack_featured_media_url":"","_links":{"self":[{"href":"https:\/\/www.oparanews.com.br\/index.php\/wp-json\/wp\/v2\/posts\/6839","targetHints":{"allow":["GET"]}}],"collection":[{"href":"https:\/\/www.oparanews.com.br\/index.php\/wp-json\/wp\/v2\/posts"}],"about":[{"href":"https:\/\/www.oparanews.com.br\/index.php\/wp-json\/wp\/v2\/types\/post"}],"author":[{"embeddable":true,"href":"https:\/\/www.oparanews.com.br\/index.php\/wp-json\/wp\/v2\/users\/1"}],"replies":[{"embeddable":true,"href":"https:\/\/www.oparanews.com.br\/index.php\/wp-json\/wp\/v2\/comments?post=6839"}],"version-history":[{"count":0,"href":"https:\/\/www.oparanews.com.br\/index.php\/wp-json\/wp\/v2\/posts\/6839\/revisions"}],"wp:attachment":[{"href":"https:\/\/www.oparanews.com.br\/index.php\/wp-json\/wp\/v2\/media?parent=6839"}],"wp:term":[{"taxonomy":"category","embeddable":true,"href":"https:\/\/www.oparanews.com.br\/index.php\/wp-json\/wp\/v2\/categories?post=6839"},{"taxonomy":"post_tag","embeddable":true,"href":"https:\/\/www.oparanews.com.br\/index.php\/wp-json\/wp\/v2\/tags?post=6839"}],"curies":[{"name":"wp","href":"https:\/\/api.w.org\/{rel}","templated":true}]}}