{"id":6848,"date":"2020-05-30T00:22:29","date_gmt":"2020-05-30T00:22:29","guid":{"rendered":"https:\/\/oparanews.com.br\/?p=6848"},"modified":"2020-05-30T00:22:29","modified_gmt":"2020-05-30T00:22:29","slug":"sem-ministro-da-saude-brasil-ve-coronavirus-chegar-a-70-dos-municipios","status":"publish","type":"post","link":"https:\/\/www.oparanews.com.br\/index.php\/2020\/05\/30\/sem-ministro-da-saude-brasil-ve-coronavirus-chegar-a-70-dos-municipios\/","title":{"rendered":"Sem ministro da Sa\u00fade, Brasil v\u00ea coronav\u00edrus chegar a 70% dos munic\u00edpios"},"content":{"rendered":"<p>O surto do novo coronav\u00edrus se espalhou por todas as regi\u00f5es do pa\u00eds e chegou a 70,7% dos munic\u00edpios do Brasil, com casos de covid-19 confirmados em quase 4 mil munic\u00edpios. Enquanto isso, o Minist\u00e9rio da Sa\u00fade permanece com um general como chefe interino e sem um comandante para a Secretaria de Vigil\u00e2ncia em Sa\u00fade, respons\u00e1vel pelo enfrentamento \u00e0 pandemia.<\/p>\n<p>O coronav\u00edrus, que j\u00e1 deixou mais de 27 mil mortos no Brasil, avan\u00e7ou de 297 munic\u00edpios em 28 de mar\u00e7o para 3.936 em 28 de maio, segundo informado pelo Minist\u00e9rio da Sa\u00fade em boletim, ressaltando a interioriza\u00e7\u00e3o da doen\u00e7a.<\/p>\n<p>O Nordeste passou a ser a regi\u00e3o com maior n\u00famero de munic\u00edpios com casos confirmados de covid-19, ultrapassando o Sudeste, primeiro local afetado pelo v\u00edrus no Pa\u00eds. De acordo com o minist\u00e9rio, 1.489 munic\u00edpios nordestinos j\u00e1 registraram caso de covid-19, ante 1.101 no Sudeste. Apesar de muitas capitais brasileiras estarem com seus sistemas de sa\u00fade \u00e0 beira do esgotamento devido ao avan\u00e7o do coronav\u00edrus, o ministro interino da Sa\u00fade, general Eduardo Pazuello, afirmou nesta semana que as grandes cidades precisar\u00e3o prestar atendimento a pacientes de munic\u00edpios menores que buscar\u00e3o ajuda, uma vez que no interior &#8220;n\u00e3o h\u00e1 estruturas&#8221;.<\/p>\n<p>Mesmo com o avan\u00e7o da doen\u00e7a pelo territ\u00f3rio, Pazuello n\u00e3o concedeu entrevista ao longo de toda semana. Depois que o secret\u00e1rio Wanderson Oliveira pediu demiss\u00e3o da Secretaria de Vigil\u00e2ncia em Sa\u00fade na sequ\u00eancia de duas trocas no comando do minist\u00e9rio em menos de um m\u00eas, coube ao secret\u00e1rio substituto, Eduardo Mac\u00e1rio, prestar esclarecimentos t\u00e9cnicos sobre a pandemia hoje.<\/p>\n<p>&#8220;A interioriza\u00e7\u00e3o \u00e9 um fen\u00f4meno real que a gente tem observado em termos de transmiss\u00e3o, ent\u00e3o o SUS [Sistema \u00danico de Sa\u00fade] tem que estar bastante preparado para toda essa situa\u00e7\u00e3o que vir\u00e1 e que vem se desenhando, na medida em que o principal objetivo \u00e9 salvar vidas&#8221;, afirmou Mac\u00e1rio. O cargo de secret\u00e1rio de Vigil\u00e2ncia em Sa\u00fade est\u00e1 vago desde a sa\u00edda de Wanderson. Pazuello assumiu o minist\u00e9rio de forma interina em 15 de maio, ap\u00f3s Nelson Teich se tornar o segundo ministro a deixar o cargo em menos de m\u00eas.<\/p>\n<p>Assim como Luiz Henrique Mandetta, Teich deixou o cargo por discordar do presidente Jair Bolsonaro (sem partido) com rela\u00e7\u00e3o ao enfrentamento \u00e0 covid-19. O presidente \u00e9 contra as medidas de distanciamento social e defende o uso ampliado da hidroxicloroquina, apesar da falta de comprova\u00e7\u00e3o cient\u00edfica sobre sua efic\u00e1cia. O minist\u00e9rio tamb\u00e9m atualizou a situa\u00e7\u00e3o da testagem no Brasil, informando que at\u00e9 o momento foram analisados 488.802 dos 4,7 milh\u00f5es de exames recebidos pelo governo federal. No total, o governo prometeu realizar 24 milh\u00f5es de testes desse tipo neste ano \u2014 n\u00famero ainda distante de ser alcan\u00e7ado.<\/p>\n<p>Somando os testes realizados nos cinco maiores laborat\u00f3rios privados de an\u00e1lises cl\u00ednicas do Pa\u00eds, o Brasil tem no total 930.013 exames de covid-19 realizados, informou o minist\u00e9rio. Apesar de ser o segundo pa\u00eds do mundo com mais casos confirmados da covid-19, depois apenas dos Estados Unidos, o Brasil fica atr\u00e1s de v\u00e1rios pa\u00edses em termos de testes realizados. Os laborat\u00f3rios certificados da Alemanha, por exemplo, tinham capacidade de analisar cerca de 838 mil testes por semana em meados de maio.<\/p>\n<p>&nbsp;<\/p>\n<p><strong>Fonte: UOL<\/strong><\/p>\n<p>&nbsp;<\/p>\n","protected":false},"excerpt":{"rendered":"<p>O surto do novo coronav\u00edrus se espalhou por todas as regi\u00f5es do pa\u00eds e chegou a 70,7% dos munic\u00edpios do Brasil, com casos de covid-19 confirmados em quase 4 mil munic\u00edpios. Enquanto isso, o Minist\u00e9rio da Sa\u00fade permanece com um general como chefe interino e sem um comandante para a Secretaria de Vigil\u00e2ncia em Sa\u00fade, &hellip;<\/p>\n","protected":false},"author":1,"featured_media":6849,"comment_status":"open","ping_status":"open","sticky":false,"template":"","format":"standard","meta":{"_jetpack_newsletter_access":"","_jetpack_dont_email_post_to_subs":false,"_jetpack_newsletter_tier_id":0,"_jetpack_memberships_contains_paywalled_content":false,"_jetpack_memberships_contains_paid_content":false,"footnotes":""},"categories":[1],"tags":[],"class_list":["post-6848","post","type-post","status-publish","format-standard","has-post-thumbnail","hentry","category-destaque"],"jetpack_sharing_enabled":true,"jetpack_featured_media_url":"","_links":{"self":[{"href":"https:\/\/www.oparanews.com.br\/index.php\/wp-json\/wp\/v2\/posts\/6848","targetHints":{"allow":["GET"]}}],"collection":[{"href":"https:\/\/www.oparanews.com.br\/index.php\/wp-json\/wp\/v2\/posts"}],"about":[{"href":"https:\/\/www.oparanews.com.br\/index.php\/wp-json\/wp\/v2\/types\/post"}],"author":[{"embeddable":true,"href":"https:\/\/www.oparanews.com.br\/index.php\/wp-json\/wp\/v2\/users\/1"}],"replies":[{"embeddable":true,"href":"https:\/\/www.oparanews.com.br\/index.php\/wp-json\/wp\/v2\/comments?post=6848"}],"version-history":[{"count":0,"href":"https:\/\/www.oparanews.com.br\/index.php\/wp-json\/wp\/v2\/posts\/6848\/revisions"}],"wp:attachment":[{"href":"https:\/\/www.oparanews.com.br\/index.php\/wp-json\/wp\/v2\/media?parent=6848"}],"wp:term":[{"taxonomy":"category","embeddable":true,"href":"https:\/\/www.oparanews.com.br\/index.php\/wp-json\/wp\/v2\/categories?post=6848"},{"taxonomy":"post_tag","embeddable":true,"href":"https:\/\/www.oparanews.com.br\/index.php\/wp-json\/wp\/v2\/tags?post=6848"}],"curies":[{"name":"wp","href":"https:\/\/api.w.org\/{rel}","templated":true}]}}