{"id":6851,"date":"2020-05-30T00:26:11","date_gmt":"2020-05-30T00:26:11","guid":{"rendered":"https:\/\/oparanews.com.br\/?p=6851"},"modified":"2020-05-30T00:26:11","modified_gmt":"2020-05-30T00:26:11","slug":"reinaldo-gottino-deixa-a-cnn-brasil-e-volta-para-record-tv","status":"publish","type":"post","link":"https:\/\/www.oparanews.com.br\/index.php\/2020\/05\/30\/reinaldo-gottino-deixa-a-cnn-brasil-e-volta-para-record-tv\/","title":{"rendered":"Reinaldo Gottino deixa a CNN Brasil e volta para Record TV"},"content":{"rendered":"<p>A Record TV anunciou a volta de Reinaldo Gottino, apresentador que estava na CNN Brasil, em comunicado divulgado nesta sexta-feira, 29.<\/p>\n<p>&#8220;Reinaldo Gottino \u00e9 o novo contratado da Record TV. De volta \u00e0 emissora que marcou sua carreira, ele reassume o comando do &#8216;Balan\u00e7o Geral SP&#8217;. A data de reestreia ainda ser\u00e1 definida&#8221;, informa a nota divulgada pela emissora.<\/p>\n<p>O apresentador pediu demiss\u00e3o da Record e teve sua contrata\u00e7\u00e3o oficializada pela CNN Brasil em setembro de 2019. No canal pago, Reinaldo Gottino vinha apresentando O Grande Debate, inclusive nesta sexta-feira, 29.<\/p>\n<p>O E+ entrou em contato com a CNN Brasil mas n\u00e3o obteve retorno at\u00e9 a publica\u00e7\u00e3o desta reportagem.<\/p>\n<p>A Record ainda informa que Geraldo Lu\u00eds, afastado do &#8216;Balan\u00e7o Geral SP&#8217; por conta da pandemia do novo coronav\u00edrus, comandar\u00e1 um programa noturno quando retornar \u00e0 TV.<\/p>\n<p><strong>Fonte: Terra<\/strong><\/p>\n<p>&nbsp;<\/p>\n","protected":false},"excerpt":{"rendered":"<p>A Record TV anunciou a volta de Reinaldo Gottino, apresentador que estava na CNN Brasil, em comunicado divulgado nesta sexta-feira, 29. &#8220;Reinaldo Gottino \u00e9 o novo contratado da Record TV. De volta \u00e0 emissora que marcou sua carreira, ele reassume o comando do &#8216;Balan\u00e7o Geral SP&#8217;. A data de reestreia ainda ser\u00e1 definida&#8221;, informa a &hellip;<\/p>\n","protected":false},"author":1,"featured_media":6852,"comment_status":"open","ping_status":"open","sticky":false,"template":"","format":"standard","meta":{"_jetpack_newsletter_access":"","_jetpack_dont_email_post_to_subs":false,"_jetpack_newsletter_tier_id":0,"_jetpack_memberships_contains_paywalled_content":false,"_jetpack_memberships_contains_paid_content":false,"footnotes":""},"categories":[1],"tags":[],"class_list":["post-6851","post","type-post","status-publish","format-standard","has-post-thumbnail","hentry","category-destaque"],"jetpack_sharing_enabled":true,"jetpack_featured_media_url":"","_links":{"self":[{"href":"https:\/\/www.oparanews.com.br\/index.php\/wp-json\/wp\/v2\/posts\/6851","targetHints":{"allow":["GET"]}}],"collection":[{"href":"https:\/\/www.oparanews.com.br\/index.php\/wp-json\/wp\/v2\/posts"}],"about":[{"href":"https:\/\/www.oparanews.com.br\/index.php\/wp-json\/wp\/v2\/types\/post"}],"author":[{"embeddable":true,"href":"https:\/\/www.oparanews.com.br\/index.php\/wp-json\/wp\/v2\/users\/1"}],"replies":[{"embeddable":true,"href":"https:\/\/www.oparanews.com.br\/index.php\/wp-json\/wp\/v2\/comments?post=6851"}],"version-history":[{"count":0,"href":"https:\/\/www.oparanews.com.br\/index.php\/wp-json\/wp\/v2\/posts\/6851\/revisions"}],"wp:attachment":[{"href":"https:\/\/www.oparanews.com.br\/index.php\/wp-json\/wp\/v2\/media?parent=6851"}],"wp:term":[{"taxonomy":"category","embeddable":true,"href":"https:\/\/www.oparanews.com.br\/index.php\/wp-json\/wp\/v2\/categories?post=6851"},{"taxonomy":"post_tag","embeddable":true,"href":"https:\/\/www.oparanews.com.br\/index.php\/wp-json\/wp\/v2\/tags?post=6851"}],"curies":[{"name":"wp","href":"https:\/\/api.w.org\/{rel}","templated":true}]}}