{"id":6854,"date":"2020-05-30T00:28:18","date_gmt":"2020-05-30T00:28:18","guid":{"rendered":"https:\/\/oparanews.com.br\/?p=6854"},"modified":"2020-05-30T00:28:18","modified_gmt":"2020-05-30T00:28:18","slug":"impeachment-sera-avaliado-em-momento-adequado-diz-maia","status":"publish","type":"post","link":"https:\/\/www.oparanews.com.br\/index.php\/2020\/05\/30\/impeachment-sera-avaliado-em-momento-adequado-diz-maia\/","title":{"rendered":"Impeachment ser\u00e1 avaliado em momento adequado, diz Maia"},"content":{"rendered":"<p>O presidente da C\u00e2mara, Rodrigo Maia (DEM-RJ), afirmou nesta sexta-feira que qualquer avalia\u00e7\u00e3o sobre eventual processo de impeachment contra o presidente Jair Bolsonaro ser\u00e1 feita &#8220;com muito cuidado&#8221; e no momento adequado e refor\u00e7ou que a prioridade agora \u00e9 enfrentar a crise decorrente da pandemia da Covid-19 e buscar os pontos de converg\u00eancia.<\/p>\n<p>Em entrevista transmita ao vivo nas redes sociais da revista Isto\u00e9, Maia voltou a dizer que, por ser o presidente da C\u00e2mara, figura como &#8220;ju\u00edz&#8221; ao decidir se d\u00e1 ou n\u00e3o andamento a pedido de impeachment e que por isso evita tecer coment\u00e1rios sobre o tema.<\/p>\n<p>Questionado por que a C\u00e2mara ainda n\u00e3o se manifestou sobre os mais de 30 requerimentos de impedimento do presidente j\u00e1 protocolados na Casa, o deputado respondeu que &#8220;nossa prioridade<\/p>\n<p>.&#8221;E, segundo, esse \u00e9 um processo pol\u00edtico que precisa ser decidido e avaliado com muito cuidado, com muita isen\u00e7\u00e3o. O presidente da C\u00e2mara, na hora de decidir sobre o deferimento ou indeferimento de um processo de impeachment, \u00e9 juiz. N\u00e3o cabe ao presidente da C\u00e2mara ter opini\u00e3o sobre esse tema&#8221;, avaliou.<\/p>\n<p>&#8220;A \u00fanica coisa que digo, \u00e9 que no momento adequado n\u00f3s vamos avaliar se h\u00e1 ou n\u00e3o, do ponto de vista da assessoria da C\u00e2mara, da Presid\u00eancia, o crime de responsabilidade&#8221;, explicou.<\/p>\n<p>O parlamentar acrescentou que no momento tenta &#8220;de todas as formas&#8221; encontrar caminhos que unam os pontos de converg\u00eancia para enfrentar a crise do coronav\u00edrus.<\/p>\n<p>ELEI\u00c7\u00d5ES<\/p>\n<p>Maia acrescentou que deve se reunir, acompanhado do presidente do Congresso Nacional, Davi Alcolumbre (DEM-AP), com o presidente do Tribunal Superior Eleitoral (TSE), Lu\u00eds Roberto Barroso, para debater eventual adiamento das elei\u00e7\u00f5es municipais, previstas para outubro, por conta da pandemia do coronav\u00edrus.<\/p>\n<p>Mais cedo, Maia defendeu que seja criado um &#8220;n\u00facleo t\u00e9cnico&#8221; que leve em conta dados e n\u00fameros relacionados \u00e0 sa\u00fade para municiar as discuss\u00f5es sobre eventual adiamento das elei\u00e7\u00f5es municipais de outubro.<\/p>\n<p>&#8220;Devo fazer uma reuni\u00e3o com o presidente Davi e o presidente Barroso na pr\u00f3xima semana&#8221;, disse na transmiss\u00e3o ao vivo da revista, lembrando que se deve levar em conta n\u00e3o apenas o dia da elei\u00e7\u00e3o, mas tamb\u00e9m o per\u00edodo de campanha.<\/p>\n<p>Maia tamb\u00e9m demonstrou preocupa\u00e7\u00e3o com a sa\u00edda legislativa a ser adotada para adiar as elei\u00e7\u00f5es sem que isso implique na prorroga\u00e7\u00e3o de mandatos, considerada inconstitucional pelo presidente da C\u00e2mara.<\/p>\n<p>Questionado sobre suas pretens\u00f5es eleitorais para 2022, Maia disse que o foco \u00e9 &#8220;ajudar o Brasil&#8221; enquanto ocupar a Presid\u00eancia da C\u00e2mara, terminar &#8220;bem&#8221; o mandato e pensar no processo eleitoral apenas no fim do pr\u00f3ximo ano.<\/p>\n<p>&#8220;Claro que todos sonham em atingir, claro, pelo voto, os cargos mais importantes&#8221;, disse o deputado.<\/p>\n<p>&#8220;Mas acho que esse \u00e9 um assunto que a gente deve deixar para o segundo semestre de 2021.&#8221;<\/p>\n<p>&nbsp;<\/p>\n<p><strong>Fonte: Terra<\/strong><\/p>\n<p>&nbsp;<\/p>\n","protected":false},"excerpt":{"rendered":"<p>O presidente da C\u00e2mara, Rodrigo Maia (DEM-RJ), afirmou nesta sexta-feira que qualquer avalia\u00e7\u00e3o sobre eventual processo de impeachment contra o presidente Jair Bolsonaro ser\u00e1 feita &#8220;com muito cuidado&#8221; e no momento adequado e refor\u00e7ou que a prioridade agora \u00e9 enfrentar a crise decorrente da pandemia da Covid-19 e buscar os pontos de converg\u00eancia. Em entrevista &hellip;<\/p>\n","protected":false},"author":1,"featured_media":6855,"comment_status":"open","ping_status":"open","sticky":false,"template":"","format":"standard","meta":{"_jetpack_newsletter_access":"","_jetpack_dont_email_post_to_subs":false,"_jetpack_newsletter_tier_id":0,"_jetpack_memberships_contains_paywalled_content":false,"_jetpack_memberships_contains_paid_content":false,"footnotes":""},"categories":[1],"tags":[],"class_list":["post-6854","post","type-post","status-publish","format-standard","has-post-thumbnail","hentry","category-destaque"],"jetpack_sharing_enabled":true,"jetpack_featured_media_url":"","_links":{"self":[{"href":"https:\/\/www.oparanews.com.br\/index.php\/wp-json\/wp\/v2\/posts\/6854","targetHints":{"allow":["GET"]}}],"collection":[{"href":"https:\/\/www.oparanews.com.br\/index.php\/wp-json\/wp\/v2\/posts"}],"about":[{"href":"https:\/\/www.oparanews.com.br\/index.php\/wp-json\/wp\/v2\/types\/post"}],"author":[{"embeddable":true,"href":"https:\/\/www.oparanews.com.br\/index.php\/wp-json\/wp\/v2\/users\/1"}],"replies":[{"embeddable":true,"href":"https:\/\/www.oparanews.com.br\/index.php\/wp-json\/wp\/v2\/comments?post=6854"}],"version-history":[{"count":0,"href":"https:\/\/www.oparanews.com.br\/index.php\/wp-json\/wp\/v2\/posts\/6854\/revisions"}],"wp:attachment":[{"href":"https:\/\/www.oparanews.com.br\/index.php\/wp-json\/wp\/v2\/media?parent=6854"}],"wp:term":[{"taxonomy":"category","embeddable":true,"href":"https:\/\/www.oparanews.com.br\/index.php\/wp-json\/wp\/v2\/categories?post=6854"},{"taxonomy":"post_tag","embeddable":true,"href":"https:\/\/www.oparanews.com.br\/index.php\/wp-json\/wp\/v2\/tags?post=6854"}],"curies":[{"name":"wp","href":"https:\/\/api.w.org\/{rel}","templated":true}]}}