{"id":6857,"date":"2020-05-30T00:47:21","date_gmt":"2020-05-30T00:47:21","guid":{"rendered":"https:\/\/oparanews.com.br\/?p=6857"},"modified":"2020-05-30T00:47:21","modified_gmt":"2020-05-30T00:47:21","slug":"final-da-copa-da-italia-sera-antes-do-reinicio-da-serie-a","status":"publish","type":"post","link":"https:\/\/www.oparanews.com.br\/index.php\/2020\/05\/30\/final-da-copa-da-italia-sera-antes-do-reinicio-da-serie-a\/","title":{"rendered":"Final da Copa da It\u00e1lia ser\u00e1 antes do rein\u00edcio da S\u00e9rie A"},"content":{"rendered":"<p>A temporada de futebol italiano ser\u00e1 retomada com a fase final da Copa da It\u00e1lia antes do in\u00edcio da S\u00e9rie A em 20 de junho, ap\u00f3s vota\u00e7\u00e3o dos 20 clubes da primeira divis\u00e3o na sexta-feira.<\/p>\n<p>A S\u00e9rie A afirmou em comunicado que &#8220;a atividade esportiva da temporada 2019\/2020 ser\u00e1 retomada em primeiro lugar com a Copa da It\u00e1lia&#8221;, com a final a ser disputada em 17 de junho.<\/p>\n<p>N\u00e3o foi divulgada uma data para os jogos de volta das semifinais Napoli x Inter de Mil\u00e3o e Juventus x Milan, que tamb\u00e9m precisam ser disputados. A temporada foi suspensa em 9 de mar\u00e7o, quando o coronav\u00edrus se espalhou pela It\u00e1lia.<\/p>\n<p>A S\u00e9rie A disse que a decis\u00e3o seguiu uma recomenda\u00e7\u00e3o do ministro do Esporte, Vincenzo Spadafora, que confirmou na quinta-feira que a temporada poderia recome\u00e7ar ap\u00f3s a paralisa\u00e7\u00e3o devido ao coronav\u00edrus.<\/p>\n<p>O presidente do Milan, Paolo Scaroni, havia dito anteriormente que seu clube se opunha a recome\u00e7ar com a Copa.<\/p>\n<p>Os clubes tamb\u00e9m votaram pelo rein\u00edcio da S\u00e9rie A no fim de semana de 20 e 21 de junho, com quatro partidas pendentes: Atalanta x Sassuolo, Hellas Verona x Cagliari, Inter x Sampdoria e Torino x Parma.<\/p>\n<p>Depois disso, haver\u00e1 12 rodadas completas para finalizar a temporada.<\/p>\n<p>A Juventus, em busca do nono t\u00edtulo consecutivo, lidera a tabela com 63 pontos, um \u00e0 frente da Lazio.<\/p>\n<p>&nbsp;<\/p>\n<p><strong>Fonte: Terra<\/strong><\/p>\n<p>&nbsp;<\/p>\n","protected":false},"excerpt":{"rendered":"<p>A temporada de futebol italiano ser\u00e1 retomada com a fase final da Copa da It\u00e1lia antes do in\u00edcio da S\u00e9rie A em 20 de junho, ap\u00f3s vota\u00e7\u00e3o dos 20 clubes da primeira divis\u00e3o na sexta-feira. A S\u00e9rie A afirmou em comunicado que &#8220;a atividade esportiva da temporada 2019\/2020 ser\u00e1 retomada em primeiro lugar com a &hellip;<\/p>\n","protected":false},"author":1,"featured_media":6858,"comment_status":"open","ping_status":"open","sticky":false,"template":"","format":"standard","meta":{"_jetpack_newsletter_access":"","_jetpack_dont_email_post_to_subs":false,"_jetpack_newsletter_tier_id":0,"_jetpack_memberships_contains_paywalled_content":false,"_jetpack_memberships_contains_paid_content":false,"footnotes":""},"categories":[1],"tags":[],"class_list":["post-6857","post","type-post","status-publish","format-standard","has-post-thumbnail","hentry","category-destaque"],"jetpack_sharing_enabled":true,"jetpack_featured_media_url":"","_links":{"self":[{"href":"https:\/\/www.oparanews.com.br\/index.php\/wp-json\/wp\/v2\/posts\/6857","targetHints":{"allow":["GET"]}}],"collection":[{"href":"https:\/\/www.oparanews.com.br\/index.php\/wp-json\/wp\/v2\/posts"}],"about":[{"href":"https:\/\/www.oparanews.com.br\/index.php\/wp-json\/wp\/v2\/types\/post"}],"author":[{"embeddable":true,"href":"https:\/\/www.oparanews.com.br\/index.php\/wp-json\/wp\/v2\/users\/1"}],"replies":[{"embeddable":true,"href":"https:\/\/www.oparanews.com.br\/index.php\/wp-json\/wp\/v2\/comments?post=6857"}],"version-history":[{"count":0,"href":"https:\/\/www.oparanews.com.br\/index.php\/wp-json\/wp\/v2\/posts\/6857\/revisions"}],"wp:attachment":[{"href":"https:\/\/www.oparanews.com.br\/index.php\/wp-json\/wp\/v2\/media?parent=6857"}],"wp:term":[{"taxonomy":"category","embeddable":true,"href":"https:\/\/www.oparanews.com.br\/index.php\/wp-json\/wp\/v2\/categories?post=6857"},{"taxonomy":"post_tag","embeddable":true,"href":"https:\/\/www.oparanews.com.br\/index.php\/wp-json\/wp\/v2\/tags?post=6857"}],"curies":[{"name":"wp","href":"https:\/\/api.w.org\/{rel}","templated":true}]}}