{"id":6863,"date":"2020-05-30T12:41:21","date_gmt":"2020-05-30T12:41:21","guid":{"rendered":"https:\/\/oparanews.com.br\/?p=6863"},"modified":"2020-05-30T12:41:21","modified_gmt":"2020-05-30T12:41:21","slug":"audio-prestek-esclarece-queda-na-conexao-da-internet-na-ultima-quinta-28","status":"publish","type":"post","link":"https:\/\/www.oparanews.com.br\/index.php\/2020\/05\/30\/audio-prestek-esclarece-queda-na-conexao-da-internet-na-ultima-quinta-28\/","title":{"rendered":"\u00c1UDIO: Prestek esclarece queda na conex\u00e3o da Internet na \u00faltima quinta, 28"},"content":{"rendered":"<p>Durante o programa Grande Rio Esporte, vinculado na R\u00e1dio Grande Rio FM (99,1) e na Web R\u00e1dio OparaNews, desta sexta-feira, 29, o colaborador da Prestek e um dos apresentadores do Programa, Walder Lima, esclareceu aos clientes da empresa qual o verdadeiro motivo pela queda da conex\u00e3o na \u00faltima quinta-feira, 28.<\/p>\n<p>Walder Lima tamb\u00e9m informou que possivelmente em algumas resid\u00eancias a conex\u00e3o ainda n\u00e3o retornou a normalidade. Com isso, os clientes devem entrar em contato com a Prestek, pelo telefone<strong> 3551-9250<\/strong>, para que o problema seja solucionado.<\/p>\n<p>Ou\u00e7a abaixo a entrevista:<\/p>\n<audio class=\"wp-audio-shortcode\" id=\"audio-6863-1\" preload=\"none\" style=\"width: 100%;\" controls=\"controls\"><source type=\"audio\/mpeg\" src=\"https:\/\/oparanews.com.br\/wp-content\/uploads\/2020\/05\/AUDIO-WALDER-LIMA-PRESTEK.mp3?_=1\" \/><a href=\"https:\/\/oparanews.com.br\/wp-content\/uploads\/2020\/05\/AUDIO-WALDER-LIMA-PRESTEK.mp3\">https:\/\/oparanews.com.br\/wp-content\/uploads\/2020\/05\/AUDIO-WALDER-LIMA-PRESTEK.mp3<\/a><\/audio>\n<p>&nbsp;<\/p>\n<p><strong>por Reda\u00e7\u00e3o<\/strong><\/p>\n<p>&nbsp;<\/p>\n","protected":false},"excerpt":{"rendered":"<p>Durante o programa Grande Rio Esporte, vinculado na R\u00e1dio Grande Rio FM (99,1) e na Web R\u00e1dio OparaNews, desta sexta-feira, 29, o colaborador da Prestek e um dos apresentadores do Programa, Walder Lima, esclareceu aos clientes da empresa qual o verdadeiro motivo pela queda da conex\u00e3o na \u00faltima quinta-feira, 28. Walder Lima tamb\u00e9m informou que &hellip;<\/p>\n","protected":false},"author":1,"featured_media":6865,"comment_status":"open","ping_status":"open","sticky":false,"template":"","format":"standard","meta":{"_jetpack_newsletter_access":"","_jetpack_dont_email_post_to_subs":false,"_jetpack_newsletter_tier_id":0,"_jetpack_memberships_contains_paywalled_content":false,"_jetpack_memberships_contains_paid_content":false,"footnotes":""},"categories":[1],"tags":[],"class_list":["post-6863","post","type-post","status-publish","format-standard","has-post-thumbnail","hentry","category-destaque"],"jetpack_sharing_enabled":true,"jetpack_featured_media_url":"","_links":{"self":[{"href":"https:\/\/www.oparanews.com.br\/index.php\/wp-json\/wp\/v2\/posts\/6863","targetHints":{"allow":["GET"]}}],"collection":[{"href":"https:\/\/www.oparanews.com.br\/index.php\/wp-json\/wp\/v2\/posts"}],"about":[{"href":"https:\/\/www.oparanews.com.br\/index.php\/wp-json\/wp\/v2\/types\/post"}],"author":[{"embeddable":true,"href":"https:\/\/www.oparanews.com.br\/index.php\/wp-json\/wp\/v2\/users\/1"}],"replies":[{"embeddable":true,"href":"https:\/\/www.oparanews.com.br\/index.php\/wp-json\/wp\/v2\/comments?post=6863"}],"version-history":[{"count":0,"href":"https:\/\/www.oparanews.com.br\/index.php\/wp-json\/wp\/v2\/posts\/6863\/revisions"}],"wp:attachment":[{"href":"https:\/\/www.oparanews.com.br\/index.php\/wp-json\/wp\/v2\/media?parent=6863"}],"wp:term":[{"taxonomy":"category","embeddable":true,"href":"https:\/\/www.oparanews.com.br\/index.php\/wp-json\/wp\/v2\/categories?post=6863"},{"taxonomy":"post_tag","embeddable":true,"href":"https:\/\/www.oparanews.com.br\/index.php\/wp-json\/wp\/v2\/tags?post=6863"}],"curies":[{"name":"wp","href":"https:\/\/api.w.org\/{rel}","templated":true}]}}