{"id":6874,"date":"2020-05-30T23:47:52","date_gmt":"2020-05-30T23:47:52","guid":{"rendered":"https:\/\/oparanews.com.br\/?p=6874"},"modified":"2020-05-30T23:47:52","modified_gmt":"2020-05-30T23:47:52","slug":"governo-de-alagoas-chega-a-mil-novos-leitos-abertos-para-covid-19","status":"publish","type":"post","link":"https:\/\/www.oparanews.com.br\/index.php\/2020\/05\/30\/governo-de-alagoas-chega-a-mil-novos-leitos-abertos-para-covid-19\/","title":{"rendered":"Governo de Alagoas chega a mil novos leitos abertos para Covid-19"},"content":{"rendered":"<p>Em visita \u00e0 cidade de Palmeira dos \u00cdndios, na manh\u00e3 dessa sexta-feira (29), o secret\u00e1rio de Estado da Sa\u00fade, Alexandre Ayres, destacou que o Governo de Alagoas chegou a mil novos leitos abertos, em dois meses de pandemia. O n\u00famero foi alcan\u00e7ado ap\u00f3s a entrega de 24 leitos exclusivos para tratamento de casos da Covid-19 no Hospital Regional Santa Rita e na Unidade de Pronto Atendimento (UPA) do munic\u00edpio.<\/p>\n<p>\u201cAmanh\u00e3 (s\u00e1bado, 30 de maio) completar\u00e1 dois meses da abertura do primeiro leito exclusivo para Covid-19 em Alagoas\u201d, lembrou Alexandre Ayres. \u201cCom os 24 leitos entregues aqui em Palmeira dos \u00cdndios, atingiremos a marca de mil leitos abertos em todo o estado. S\u00e3o mil leitos exclusivos para atendimento a pacientes com Covid-19, sendo 215 deles de UTI\u201d, detalhou.<\/p>\n<p>Ao lado do prefeito de Palmeira dos \u00cdndios, J\u00falio Cezar, o titular da Sa\u00fade percorreu os dois equipamentos onde foram montados seis leitos de UTI e cinco cl\u00ednicos (Hospital Santa Rita), al\u00e9m de oito leitos intermedi\u00e1rios e mais cinco cl\u00ednicos (UPA de Palmeira dos \u00cdndios). Todos estar\u00e3o dispon\u00edveis para interna\u00e7\u00e3o a partir da pr\u00f3xima segunda-feira (1\u00b0 de junho).<\/p>\n<p>O esfor\u00e7o governamental tem como principal objetivo salvar vidas, numa iniciativa que permanecer\u00e1 a atender \u00e0 popula\u00e7\u00e3o alagoana ap\u00f3s o surto provocado pelo v\u00edrus, como pontuou o secret\u00e1rio. \u201cVamos utilizar essa estrutura agora para o enfrentamento \u00e0 Covid-19, mas o maior legado ser\u00e1 sua perman\u00eancia a continuar preenchendo os vazios existenciais e ajudando \u00e0 popula\u00e7\u00e3o que mais precisa de sa\u00fade\u201d.<\/p>\n<p>Mantra<\/p>\n<p>Durante a visita ao Hospital Santa Rita, Alexandre Ayres repetiu a mensagem obrigat\u00f3ria quando o assunto \u00e9 o combate ao novo coronav\u00edrus. \u201cPrecisamos da participa\u00e7\u00e3o e da conscientiza\u00e7\u00e3o da popula\u00e7\u00e3o. Temos que ter a consci\u00eancia que o enfrentamento da pandemia \u00e9 um dever de todos. Esse \u00e9 o meu mantra e eu n\u00e3o vou abrir m\u00e3o disso\u201d, reiterou.<\/p>\n<p>Enquanto o poder p\u00fablico faz sua parte \u2013 ampliando leitos, comprando medicamentos e cuidando de quem precisa \u2013, a popula\u00e7\u00e3o participa ficando em casa. \u201cAo vir para c\u00e1, passei nos munic\u00edpios vizinhos e vi aglomera\u00e7\u00f5es no meio da rua, feiras abertas e pessoas sem m\u00e1scara. Isso \u00e9 muito preocupante\u201d, revelou o gestor.<\/p>\n<p>Como lembrou o secret\u00e1rio, a equa\u00e7\u00e3o \u00e9 simples: se as pessoas ficarem doentes ao mesmo tempo, n\u00e3o haver\u00e1 leitos para todos. \u201cN\u00f3s estamos com os leitos sobrecarregados e nos aproximando do colapso da rede hospitalar. N\u00e3o \u00e9 o momento de aglomera\u00e7\u00e3o, n\u00e3o \u00e9 o momento de sair de casa de maneira desnecess\u00e1ria \u2013 e se for preciso sair, que use m\u00e1scara, como estamos fazendo aqui nesse ambiente\u201d, assinalou.<\/p>\n<p>Na ocasi\u00e3o, Ayres anunciou a amplia\u00e7\u00e3o do repasse financeiro aos munic\u00edpios que possuem UPAs em sua estrutura hospitalar. \u201cNa pr\u00f3xima segunda-feira, estarei em uma videoconfer\u00eancia com o governador e com os prefeitos. Vamos aumentar a transfer\u00eancia a partir de uma portaria emitida pela Secretaria de Estado da Sa\u00fade\u201d, revelou.<\/p>\n<p>&nbsp;<\/p>\n<p><strong>Fonte: Sesau\/AL<\/strong><\/p>\n<p>&nbsp;<\/p>\n","protected":false},"excerpt":{"rendered":"<p>Em visita \u00e0 cidade de Palmeira dos \u00cdndios, na manh\u00e3 dessa sexta-feira (29), o secret\u00e1rio de Estado da Sa\u00fade, Alexandre Ayres, destacou que o Governo de Alagoas chegou a mil novos leitos abertos, em dois meses de pandemia. O n\u00famero foi alcan\u00e7ado ap\u00f3s a entrega de 24 leitos exclusivos para tratamento de casos da Covid-19 &hellip;<\/p>\n","protected":false},"author":1,"featured_media":6875,"comment_status":"open","ping_status":"open","sticky":false,"template":"","format":"standard","meta":{"_jetpack_newsletter_access":"","_jetpack_dont_email_post_to_subs":false,"_jetpack_newsletter_tier_id":0,"_jetpack_memberships_contains_paywalled_content":false,"_jetpack_memberships_contains_paid_content":false,"footnotes":""},"categories":[1],"tags":[],"class_list":["post-6874","post","type-post","status-publish","format-standard","has-post-thumbnail","hentry","category-destaque"],"jetpack_sharing_enabled":true,"jetpack_featured_media_url":"","_links":{"self":[{"href":"https:\/\/www.oparanews.com.br\/index.php\/wp-json\/wp\/v2\/posts\/6874","targetHints":{"allow":["GET"]}}],"collection":[{"href":"https:\/\/www.oparanews.com.br\/index.php\/wp-json\/wp\/v2\/posts"}],"about":[{"href":"https:\/\/www.oparanews.com.br\/index.php\/wp-json\/wp\/v2\/types\/post"}],"author":[{"embeddable":true,"href":"https:\/\/www.oparanews.com.br\/index.php\/wp-json\/wp\/v2\/users\/1"}],"replies":[{"embeddable":true,"href":"https:\/\/www.oparanews.com.br\/index.php\/wp-json\/wp\/v2\/comments?post=6874"}],"version-history":[{"count":0,"href":"https:\/\/www.oparanews.com.br\/index.php\/wp-json\/wp\/v2\/posts\/6874\/revisions"}],"wp:attachment":[{"href":"https:\/\/www.oparanews.com.br\/index.php\/wp-json\/wp\/v2\/media?parent=6874"}],"wp:term":[{"taxonomy":"category","embeddable":true,"href":"https:\/\/www.oparanews.com.br\/index.php\/wp-json\/wp\/v2\/categories?post=6874"},{"taxonomy":"post_tag","embeddable":true,"href":"https:\/\/www.oparanews.com.br\/index.php\/wp-json\/wp\/v2\/tags?post=6874"}],"curies":[{"name":"wp","href":"https:\/\/api.w.org\/{rel}","templated":true}]}}