{"id":6877,"date":"2020-05-30T23:56:36","date_gmt":"2020-05-30T23:56:36","guid":{"rendered":"https:\/\/oparanews.com.br\/?p=6877"},"modified":"2020-05-30T23:56:36","modified_gmt":"2020-05-30T23:56:36","slug":"brasil-e-o-4o-pais-do-mundo-em-mortes-por-coronavirus","status":"publish","type":"post","link":"https:\/\/www.oparanews.com.br\/index.php\/2020\/05\/30\/brasil-e-o-4o-pais-do-mundo-em-mortes-por-coronavirus\/","title":{"rendered":"Brasil \u00e9 o 4\u00ba pa\u00eds do mundo em mortes por coronav\u00edrus"},"content":{"rendered":"<p>Um dia ap\u00f3s ultrapassar a Espanha, o Brasil superou neste s\u00e1bado, 30, a Fran\u00e7a em n\u00famero de mortes por coronav\u00edrus e agora \u00e9 o quarto pa\u00eds no mundo com a maior quantidade de \u00f3bitos. Segundo dados da Universidade Johns Hopkins, o pa\u00eds europeu tem 28.717 mil mortes. J\u00e1 o Brasil acumula o saldo total de 28.834 com os 956 \u00f3bitos registrados nas \u00faltimas 24 horas. A taxa de letalidade \u00e9 de 5,8%, ou 13,7 mortes a cada 100 mil habitantes.<\/p>\n<p>O Brasil est\u00e1 atr\u00e1s apenas dos Estados Unidos (103,4 mil mortes), Reino Unido (38,4 mil) e It\u00e1lia (33,3 mil), mas estes dois \u00faltimos j\u00e1 passaram pelo pico da doen\u00e7a e apresentam n\u00fameros cada vez menores.<\/p>\n<p>Al\u00e9m disso, de acordo com o balan\u00e7o do Minist\u00e9rio da Sa\u00fade divulgado neste s\u00e1bado, o Pa\u00eds registrou de ontem para hoje o recorde de 33.274 novos casos de infec\u00e7\u00e3o, elevando o total de contaminados para 498.440. Em n\u00fameros absolutos, o Brasil ocupa o segundo lugar no ranking mundial de infec\u00e7\u00e3o por covid-19, atr\u00e1s apenas dos Estados Unidos, que somam 1,7 milh\u00f5es.<\/p>\n<p>Mais de 268,7 mil casos ainda aguardam resultado de exame. Os laborat\u00f3rios p\u00fablicos e privados realizaram 930 mil testes no total, um n\u00famero muito baixo em rela\u00e7\u00e3o ao tamanho da popula\u00e7\u00e3o e aos outros pa\u00edses com muitos casos positivos. A testagem \u00e9 considerada uma das principais ferramentas de combate ao coronav\u00edrus, pois \u00e9 poss\u00edvel detectar as pessoas infectadas, mesmo aquelas que s\u00e3o assintom\u00e1ticas, e isol\u00e1-las, a fim de evitar a propaga\u00e7\u00e3o.<\/p>\n<p>O secret\u00e1rio substituto de Vigil\u00e2ncia em Sa\u00fade, Eduardo Mac\u00e1rio, voltou a dizer na coletiva realizada na sexta-feira que o Minist\u00e9rio da Sa\u00fade n\u00e3o trabalha com estimativa de pico do coronav\u00edrus, pois &#8220;somos um pa\u00eds continental&#8221; e as doen\u00e7as se comportam de forma distinta nas regi\u00f5es, disse.<\/p>\n<p>&#8220;A gente est\u00e1 trabalhando com doen\u00e7a nova com certo n\u00edvel de complexidade. Muitas pessoas t\u00eam sintomas leves, acabam n\u00e3o procurando o sistema de sa\u00fade e podem transmitir o v\u00edrus para outras pessoas. A maioria dos casos que aparecem \u00e9 de sintomas mais pronunciados&#8221;, explicou.<\/p>\n<p>O Brasil est\u00e1 perto de ter meio milh\u00e3o de infectados, mas Estados como S\u00e3o Paulo e Cear\u00e1 j\u00e1 falam em uma retomada gradual das atividades. O governador do Distrito Federal, Ibaneis Rocha (MDB), decretou neste s\u00e1bado a reabertura de igrejas e parques na regi\u00e3o.<\/p>\n<p>O Estado de S\u00e3o Paulo, que desde o in\u00edcio \u00e9 o epicentro da doen\u00e7a, anunciou um programa de relaxamento das medidas distanciamento social, o Plano S\u00e3o Paulo, que passa a vigorar a partir do dia 1\u00ba. De ontem para hoje, a regi\u00e3o teve 5,5 mil novos casos de contamina\u00e7\u00e3o e 257 mortes, elevando o total para 107,1 mil e 7,5 mil respectivamente. Os tr\u00eas maiores recordes de n\u00famero de novos casos por dia da pandemia, desde mar\u00e7o, foram atingidos, nesta quinta (6,3 mil), sexta (5,6 mil) e s\u00e1bado.<\/p>\n<p>&nbsp;<\/p>\n<p><strong>Fonte: Terra<\/strong><\/p>\n<p>&nbsp;<\/p>\n","protected":false},"excerpt":{"rendered":"<p>Um dia ap\u00f3s ultrapassar a Espanha, o Brasil superou neste s\u00e1bado, 30, a Fran\u00e7a em n\u00famero de mortes por coronav\u00edrus e agora \u00e9 o quarto pa\u00eds no mundo com a maior quantidade de \u00f3bitos. Segundo dados da Universidade Johns Hopkins, o pa\u00eds europeu tem 28.717 mil mortes. J\u00e1 o Brasil acumula o saldo total de &hellip;<\/p>\n","protected":false},"author":1,"featured_media":6878,"comment_status":"open","ping_status":"open","sticky":false,"template":"","format":"standard","meta":{"_jetpack_newsletter_access":"","_jetpack_dont_email_post_to_subs":false,"_jetpack_newsletter_tier_id":0,"_jetpack_memberships_contains_paywalled_content":false,"_jetpack_memberships_contains_paid_content":false,"footnotes":""},"categories":[1],"tags":[],"class_list":["post-6877","post","type-post","status-publish","format-standard","has-post-thumbnail","hentry","category-destaque"],"jetpack_sharing_enabled":true,"jetpack_featured_media_url":"","_links":{"self":[{"href":"https:\/\/www.oparanews.com.br\/index.php\/wp-json\/wp\/v2\/posts\/6877","targetHints":{"allow":["GET"]}}],"collection":[{"href":"https:\/\/www.oparanews.com.br\/index.php\/wp-json\/wp\/v2\/posts"}],"about":[{"href":"https:\/\/www.oparanews.com.br\/index.php\/wp-json\/wp\/v2\/types\/post"}],"author":[{"embeddable":true,"href":"https:\/\/www.oparanews.com.br\/index.php\/wp-json\/wp\/v2\/users\/1"}],"replies":[{"embeddable":true,"href":"https:\/\/www.oparanews.com.br\/index.php\/wp-json\/wp\/v2\/comments?post=6877"}],"version-history":[{"count":0,"href":"https:\/\/www.oparanews.com.br\/index.php\/wp-json\/wp\/v2\/posts\/6877\/revisions"}],"wp:attachment":[{"href":"https:\/\/www.oparanews.com.br\/index.php\/wp-json\/wp\/v2\/media?parent=6877"}],"wp:term":[{"taxonomy":"category","embeddable":true,"href":"https:\/\/www.oparanews.com.br\/index.php\/wp-json\/wp\/v2\/categories?post=6877"},{"taxonomy":"post_tag","embeddable":true,"href":"https:\/\/www.oparanews.com.br\/index.php\/wp-json\/wp\/v2\/tags?post=6877"}],"curies":[{"name":"wp","href":"https:\/\/api.w.org\/{rel}","templated":true}]}}