{"id":6885,"date":"2020-05-31T00:03:03","date_gmt":"2020-05-31T00:03:03","guid":{"rendered":"https:\/\/oparanews.com.br\/?p=6885"},"modified":"2020-05-31T00:03:03","modified_gmt":"2020-05-31T00:03:03","slug":"mourao-faz-compras-apos-reabertura-de-shoppings-em-brasilia","status":"publish","type":"post","link":"https:\/\/www.oparanews.com.br\/index.php\/2020\/05\/31\/mourao-faz-compras-apos-reabertura-de-shoppings-em-brasilia\/","title":{"rendered":"Mour\u00e3o faz compras ap\u00f3s reabertura de shoppings em Bras\u00edlia"},"content":{"rendered":"<p>Com a reabertura de com\u00e9rcios pelo Pa\u00eds, mesmo com o avan\u00e7o da covid-19, que j\u00e1 levou a 27.878 mortes desde o in\u00edcio da pandemia, o vice-presidente da Rep\u00fablica, Hamilton Mour\u00e3o, aproveitou o primeiro fim de semana de retomada do funcionamento dos shoppings do Distrito Federal para um passeio neste s\u00e1bado.<\/p>\n<p>Um decreto do governador Ibaneis Rocha (MDB) liberou a abertura dos shoppings desde quarta-feira, 27. Para funcionar, os estabelecimentos precisam fornecer equipamento de prote\u00e7\u00e3o individual e \u00e1lcool em gel a empregados, colaboradores, terceirizados e prestadores de servi\u00e7o. Funcion\u00e1rios s\u00e3o obrigados a realizar testes a cada 15 dias e o funcionamento foi limitado a 50% da capacidade, para evitar aglomera\u00e7\u00e3o.<\/p>\n<p>Com isso, Mour\u00e3o circulou por um dos shoppings de Bras\u00edlia com lojas de luxo, acompanhado da mulher, Paula Mour\u00e3o, ambos de m\u00e1scaras e acompanhados de seguran\u00e7as. O casal foi abordado por algumas pessoas e posou para fotos com crian\u00e7as. Eles fizeram compras de roupas, maquiagens, chocolate e tamb\u00e9m passearam por uma livraria.<\/p>\n<p>Mais cedo, quem tamb\u00e9m aproveitou o fim de semana para passear foi o presidente Jair Bolsonaro. Ele mais uma vez provocou aglomera\u00e7\u00e3o de pessoas durante a pandemia e demandou o uso de helic\u00f3pteros para visitar cidades em Goi\u00e1s, a menos de 250 quil\u00f4metros de dist\u00e2ncia do Pal\u00e1cio da Alvorada, sua resid\u00eancia oficial em Bras\u00edlia.<\/p>\n<p>Bolsonaro foi a uma lanchonete em Abadi\u00e2nia para tomar caf\u00e9 da manh\u00e3. A presen\u00e7a do presidente provocou aglomera\u00e7\u00f5es, apesar das recomenda\u00e7\u00f5es de autoridades sanit\u00e1rias para a necessidade do isolamento social como medida de conten\u00e7\u00e3o ao avan\u00e7o do novo coronav\u00edrus no Pa\u00eds.<\/p>\n<p>Bolsonaro carregava consigo uma m\u00e1scara, mas n\u00e3o a utilizou enquanto trocava apertos de m\u00e3o e posava para fotos com populares. O presidente ainda pegou uma crian\u00e7a no colo e conversou com pessoas tamb\u00e9m sem utilizar a m\u00e1scara. O chefe do Executivo estava acompanhado do ministro da Infraestrutura, Tarc\u00edsio de Freitas, e do l\u00edder do governo na C\u00e2mara, Major Vitor Hugo (PSL-GO).<\/p>\n<p>&nbsp;<\/p>\n<p><strong>Fonte: Terra<\/strong><\/p>\n<p>&nbsp;<\/p>\n","protected":false},"excerpt":{"rendered":"<p>Com a reabertura de com\u00e9rcios pelo Pa\u00eds, mesmo com o avan\u00e7o da covid-19, que j\u00e1 levou a 27.878 mortes desde o in\u00edcio da pandemia, o vice-presidente da Rep\u00fablica, Hamilton Mour\u00e3o, aproveitou o primeiro fim de semana de retomada do funcionamento dos shoppings do Distrito Federal para um passeio neste s\u00e1bado. Um decreto do governador Ibaneis &hellip;<\/p>\n","protected":false},"author":1,"featured_media":6886,"comment_status":"open","ping_status":"open","sticky":false,"template":"","format":"standard","meta":{"_jetpack_newsletter_access":"","_jetpack_dont_email_post_to_subs":false,"_jetpack_newsletter_tier_id":0,"_jetpack_memberships_contains_paywalled_content":false,"_jetpack_memberships_contains_paid_content":false,"footnotes":""},"categories":[1],"tags":[],"class_list":["post-6885","post","type-post","status-publish","format-standard","has-post-thumbnail","hentry","category-destaque"],"jetpack_sharing_enabled":true,"jetpack_featured_media_url":"","_links":{"self":[{"href":"https:\/\/www.oparanews.com.br\/index.php\/wp-json\/wp\/v2\/posts\/6885","targetHints":{"allow":["GET"]}}],"collection":[{"href":"https:\/\/www.oparanews.com.br\/index.php\/wp-json\/wp\/v2\/posts"}],"about":[{"href":"https:\/\/www.oparanews.com.br\/index.php\/wp-json\/wp\/v2\/types\/post"}],"author":[{"embeddable":true,"href":"https:\/\/www.oparanews.com.br\/index.php\/wp-json\/wp\/v2\/users\/1"}],"replies":[{"embeddable":true,"href":"https:\/\/www.oparanews.com.br\/index.php\/wp-json\/wp\/v2\/comments?post=6885"}],"version-history":[{"count":0,"href":"https:\/\/www.oparanews.com.br\/index.php\/wp-json\/wp\/v2\/posts\/6885\/revisions"}],"wp:attachment":[{"href":"https:\/\/www.oparanews.com.br\/index.php\/wp-json\/wp\/v2\/media?parent=6885"}],"wp:term":[{"taxonomy":"category","embeddable":true,"href":"https:\/\/www.oparanews.com.br\/index.php\/wp-json\/wp\/v2\/categories?post=6885"},{"taxonomy":"post_tag","embeddable":true,"href":"https:\/\/www.oparanews.com.br\/index.php\/wp-json\/wp\/v2\/tags?post=6885"}],"curies":[{"name":"wp","href":"https:\/\/api.w.org\/{rel}","templated":true}]}}