{"id":6888,"date":"2020-05-31T00:08:27","date_gmt":"2020-05-31T00:08:27","guid":{"rendered":"https:\/\/oparanews.com.br\/?p=6888"},"modified":"2020-05-31T00:08:27","modified_gmt":"2020-05-31T00:08:27","slug":"austria-aprova-a-disputa-de-duas-corridas-de-f-1-em-julho","status":"publish","type":"post","link":"https:\/\/www.oparanews.com.br\/index.php\/2020\/05\/31\/austria-aprova-a-disputa-de-duas-corridas-de-f-1-em-julho\/","title":{"rendered":"\u00c1ustria aprova a disputa de duas corridas de F-1 em julho"},"content":{"rendered":"<p>O Minist\u00e9rio da Sa\u00fade da \u00c1ustria aprovou uma rela\u00e7\u00e3o de condi\u00e7\u00f5es de seguran\u00e7a para o pa\u00eds ser sede de duas corridas em julho da temporada da F\u00f3rmula 1. As primeiras dez corridas foram adiadas ou canceladas por causa da pandemia de coronav\u00edrus, mas a principal categoria do automobilismo poder\u00e1 finalmente ter in\u00edcio nos dias 5 de 12 de julho, no Red Bull Ring, em Spielberg.<\/p>\n<p>O ministro da Sa\u00fade, Rudolf Anschober, aprovou os planos de seguran\u00e7a para o evento duplo sem a presen\u00e7a de espectadores e com n\u00famero limitado de pessoas envolvidas no evento. &#8220;Al\u00e9m de medidas estritas de higiene, o conceito prev\u00ea testes regulares e exames de sa\u00fade para as equipes e todos os funcion\u00e1rios&#8221;, disse Anschober, neste s\u00e1bado, em um comunicado.<\/p>\n<p>&#8220;Para o Minist\u00e9rio da Sa\u00fade e para uma comiss\u00e3o de especialistas, o planejamento atende aos requisitos para impedir a propaga\u00e7\u00e3o do coronav\u00edrus. O fator decisivo \u00e9 a estreita coordena\u00e7\u00e3o entre o organizador e as autoridades regionais e locais de sa\u00fade.&#8221;<\/p>\n<p>Os organizadores da F\u00f3rmula 1 ainda esperam realizar entre 15 e 18 das 22 corridas programadas. J\u00e1 foram canceladas as corridas da Austr\u00e1lia, M\u00f4naco, Fran\u00e7a e Holanda.<\/p>\n<p>&nbsp;<\/p>\n<p><strong>Fonte: Terra<\/strong><\/p>\n<p>&nbsp;<\/p>\n","protected":false},"excerpt":{"rendered":"<p>O Minist\u00e9rio da Sa\u00fade da \u00c1ustria aprovou uma rela\u00e7\u00e3o de condi\u00e7\u00f5es de seguran\u00e7a para o pa\u00eds ser sede de duas corridas em julho da temporada da F\u00f3rmula 1. As primeiras dez corridas foram adiadas ou canceladas por causa da pandemia de coronav\u00edrus, mas a principal categoria do automobilismo poder\u00e1 finalmente ter in\u00edcio nos dias 5 &hellip;<\/p>\n","protected":false},"author":1,"featured_media":6889,"comment_status":"open","ping_status":"open","sticky":false,"template":"","format":"standard","meta":{"_jetpack_newsletter_access":"","_jetpack_dont_email_post_to_subs":false,"_jetpack_newsletter_tier_id":0,"_jetpack_memberships_contains_paywalled_content":false,"_jetpack_memberships_contains_paid_content":false,"footnotes":""},"categories":[1],"tags":[],"class_list":["post-6888","post","type-post","status-publish","format-standard","has-post-thumbnail","hentry","category-destaque"],"jetpack_sharing_enabled":true,"jetpack_featured_media_url":"","_links":{"self":[{"href":"https:\/\/www.oparanews.com.br\/index.php\/wp-json\/wp\/v2\/posts\/6888","targetHints":{"allow":["GET"]}}],"collection":[{"href":"https:\/\/www.oparanews.com.br\/index.php\/wp-json\/wp\/v2\/posts"}],"about":[{"href":"https:\/\/www.oparanews.com.br\/index.php\/wp-json\/wp\/v2\/types\/post"}],"author":[{"embeddable":true,"href":"https:\/\/www.oparanews.com.br\/index.php\/wp-json\/wp\/v2\/users\/1"}],"replies":[{"embeddable":true,"href":"https:\/\/www.oparanews.com.br\/index.php\/wp-json\/wp\/v2\/comments?post=6888"}],"version-history":[{"count":0,"href":"https:\/\/www.oparanews.com.br\/index.php\/wp-json\/wp\/v2\/posts\/6888\/revisions"}],"wp:attachment":[{"href":"https:\/\/www.oparanews.com.br\/index.php\/wp-json\/wp\/v2\/media?parent=6888"}],"wp:term":[{"taxonomy":"category","embeddable":true,"href":"https:\/\/www.oparanews.com.br\/index.php\/wp-json\/wp\/v2\/categories?post=6888"},{"taxonomy":"post_tag","embeddable":true,"href":"https:\/\/www.oparanews.com.br\/index.php\/wp-json\/wp\/v2\/tags?post=6888"}],"curies":[{"name":"wp","href":"https:\/\/api.w.org\/{rel}","templated":true}]}}