{"id":6899,"date":"2020-05-31T21:23:43","date_gmt":"2020-05-31T21:23:43","guid":{"rendered":"https:\/\/oparanews.com.br\/?p=6899"},"modified":"2020-05-31T21:23:43","modified_gmt":"2020-05-31T21:23:43","slug":"manifestantes-fazem-ato-pro-democracia-na-paulista","status":"publish","type":"post","link":"https:\/\/www.oparanews.com.br\/index.php\/2020\/05\/31\/manifestantes-fazem-ato-pro-democracia-na-paulista\/","title":{"rendered":"Manifestantes fazem ato pr\u00f3-democracia na Paulista"},"content":{"rendered":"<p>Manifestantes fazem um ato pr\u00f3-democracia em frente ao Museu de Arte de S\u00e3o Paulo (MASP), na Avenida Paulista, neste domingo, 31. Os participantes gritam &#8220;democracia&#8221;, vestem preto e usam m\u00e1scaras protetivas, em raz\u00e3o da pandemia do novo coronav\u00edrus. V\u00eddeos nas redes sociais mostram centenas de pessoas reunidas.<\/p>\n<p>Os integrantes da manifesta\u00e7\u00e3o levam faixas com dizeres como &#8220;somos democracia&#8221;. Parte dos participantes \u00e9 da torcida Gavi\u00f5es da Fiel, do Corinthians. Eles cantam m\u00fasicas da torcida organizada e par\u00f3dias como &#8220;doutor, eu n\u00e3o me engano, o Bolsonaro \u00e9 miliciano&#8221;.<\/p>\n<p>A assessoria de imprensa da Gavi\u00f5es da Fiel informou que n\u00e3o organizou a manifesta\u00e7\u00e3o, mas que o ato \u00e9 &#8220;leg\u00edtimo&#8221; por defender a democracia.<\/p>\n<p>Em uma das faixas da Paulista, um grupo vestido de verde e amarelo faz um ato em apoio ao governo. Por volta das 13h45, dois manifestantes entraram em confronto, o que gerou um princ\u00edpio de tumulto na avenida. A Pol\u00edcia Militar jogou bombas de efeito moral para dispersar a concentra\u00e7\u00e3o. A assessoria de imprensa da PM n\u00e3o forneceu informa\u00e7\u00f5es sobre o ocorrido.<\/p>\n<p>Em Belo Horizonte, um grupo de pessoas tamb\u00e9m organizou um protesto contra o presidente Jair Bolsonaro. A manifesta\u00e7\u00e3o traz cartazes de torcidas organizadas de clubes de futebol, como Resist\u00eancia Alvinegra e Galo Antifa.<\/p>\n<p>&nbsp;<\/p>\n<p><strong>Fonte: Terra<\/strong><\/p>\n<p>&nbsp;<\/p>\n","protected":false},"excerpt":{"rendered":"<p>Manifestantes fazem um ato pr\u00f3-democracia em frente ao Museu de Arte de S\u00e3o Paulo (MASP), na Avenida Paulista, neste domingo, 31. Os participantes gritam &#8220;democracia&#8221;, vestem preto e usam m\u00e1scaras protetivas, em raz\u00e3o da pandemia do novo coronav\u00edrus. V\u00eddeos nas redes sociais mostram centenas de pessoas reunidas. Os integrantes da manifesta\u00e7\u00e3o levam faixas com dizeres &hellip;<\/p>\n","protected":false},"author":1,"featured_media":6900,"comment_status":"open","ping_status":"open","sticky":false,"template":"","format":"standard","meta":{"_jetpack_newsletter_access":"","_jetpack_dont_email_post_to_subs":false,"_jetpack_newsletter_tier_id":0,"_jetpack_memberships_contains_paywalled_content":false,"_jetpack_memberships_contains_paid_content":false,"footnotes":""},"categories":[1],"tags":[],"class_list":["post-6899","post","type-post","status-publish","format-standard","has-post-thumbnail","hentry","category-destaque"],"jetpack_sharing_enabled":true,"jetpack_featured_media_url":"","_links":{"self":[{"href":"https:\/\/www.oparanews.com.br\/index.php\/wp-json\/wp\/v2\/posts\/6899","targetHints":{"allow":["GET"]}}],"collection":[{"href":"https:\/\/www.oparanews.com.br\/index.php\/wp-json\/wp\/v2\/posts"}],"about":[{"href":"https:\/\/www.oparanews.com.br\/index.php\/wp-json\/wp\/v2\/types\/post"}],"author":[{"embeddable":true,"href":"https:\/\/www.oparanews.com.br\/index.php\/wp-json\/wp\/v2\/users\/1"}],"replies":[{"embeddable":true,"href":"https:\/\/www.oparanews.com.br\/index.php\/wp-json\/wp\/v2\/comments?post=6899"}],"version-history":[{"count":0,"href":"https:\/\/www.oparanews.com.br\/index.php\/wp-json\/wp\/v2\/posts\/6899\/revisions"}],"wp:attachment":[{"href":"https:\/\/www.oparanews.com.br\/index.php\/wp-json\/wp\/v2\/media?parent=6899"}],"wp:term":[{"taxonomy":"category","embeddable":true,"href":"https:\/\/www.oparanews.com.br\/index.php\/wp-json\/wp\/v2\/categories?post=6899"},{"taxonomy":"post_tag","embeddable":true,"href":"https:\/\/www.oparanews.com.br\/index.php\/wp-json\/wp\/v2\/tags?post=6899"}],"curies":[{"name":"wp","href":"https:\/\/api.w.org\/{rel}","templated":true}]}}