{"id":6902,"date":"2020-05-31T21:32:29","date_gmt":"2020-05-31T21:32:29","guid":{"rendered":"https:\/\/oparanews.com.br\/?p=6902"},"modified":"2020-05-31T21:32:29","modified_gmt":"2020-05-31T21:32:29","slug":"montado-em-cavalo-bolsonaro-vai-a-manifestacao-pro-governo","status":"publish","type":"post","link":"https:\/\/www.oparanews.com.br\/index.php\/2020\/05\/31\/montado-em-cavalo-bolsonaro-vai-a-manifestacao-pro-governo\/","title":{"rendered":"Montado em cavalo, Bolsonaro vai \u00e0 manifesta\u00e7\u00e3o pr\u00f3-governo"},"content":{"rendered":"<p>O presidente Jair Bolsonaro desembarcou na Esplanada dos Minist\u00e9rios e, sem usar m\u00e1scara, cumprimentou apoiadores que est\u00e3o em frente ao Pal\u00e1cio do Planalto participando de manifesta\u00e7\u00e3o neste domingo, 31. Ele estava acompanhado pelo filho Fl\u00e1vio Bolsonaro, senador pelo Rio de Janeiro.<\/p>\n<p>Na manifesta\u00e7\u00e3o, prevalecem as cr\u00edticas \u00e0 atua\u00e7\u00e3o do Supremo Tribunal Federal (STF). Alguns manifestantes empunharam uma faixa pedindo &#8220;interven\u00e7\u00e3o militar&#8221;. H\u00e1 ainda uma bandeira que pede &#8220;interven\u00e7\u00e3o no STF&#8221;.<\/p>\n<p>O STF tem sido alvo de ataques por parte de Bolsonaro e seus apoiadores ap\u00f3s a Corte ter autorizado o cumprimento de mandados de busca e apreens\u00e3o tendo como alvo bolsonaristas. Eles s\u00e3o investigados no inqu\u00e9rito das &#8220;fake news&#8221;.<\/p>\n<p>Em frente ao Planalto, Bolsonaro trocou apertos de m\u00e3o com os manifestantes, que est\u00e3o aglomerados em uma grade de prote\u00e7\u00e3o montada em frente ao Pal\u00e1cio. Ele percorreu a extens\u00e3o da grade, posou para fotos e pegou crian\u00e7as no colo.<\/p>\n<p>O uso de m\u00e1scaras \u00e9 obrigat\u00f3rio em locais p\u00fablicos no Distrito Federal desde 30 de abril. Grande parte dos manifestantes utilizam a m\u00e1scara, mas h\u00e1 tamb\u00e9m pessoas que, assim como o presidente, dispensaram a prote\u00e7\u00e3o.<\/p>\n<p>Al\u00e9m disso, autoridades sanit\u00e1rias recomendam o distanciamento social como forma de conter o avan\u00e7o do novo coronav\u00edrus no Pa\u00eds. Isso inclui evitar abra\u00e7os, apertos de m\u00e3o e aglomera\u00e7\u00f5es.<\/p>\n<p>Um dia ap\u00f3s ultrapassar a Espanha, o Brasil superou ontem a Fran\u00e7a em n\u00famero de mortes pelo novo coronav\u00edrus e agora \u00e9 o quarto pa\u00eds no mundo com a maior quantidade de \u00f3bitos pela doen\u00e7a. Segundo dados da Universidade Johns Hopkins, os franceses registram 28.774 mortes. J\u00e1 o Brasil acumula o saldo total de 28.834, j\u00e1 inclu\u00eddos os 956 \u00f3bitos registrados nas \u00faltimas 24 horas. A taxa de letalidade \u00e9 de 5,8%, ou 13,7 mortes a cada 100 mil habitantes.<\/p>\n<p>Bolsonaro deixou o Pal\u00e1cio da Alvorada a bordo de um helic\u00f3ptero e sobrevoou a Esplanada por cerca de 15 minutos. Depois, o helic\u00f3ptero pousou pr\u00f3ximo ao Pal\u00e1cio do Planalto, e o presidente seguiu a p\u00e9 at\u00e9 onde estavam os manifestantes.<\/p>\n<p>Ap\u00f3s cumprimentar os apoiadores que se aglomeravam ao longo da grade, ele montou em um cavalo da cavalaria da Pol\u00edcia Militar e percorreu novamente o local antes de retornar \u00e0 resid\u00eancia oficial.<\/p>\n<p>Antes da chegada de Bolsonaro \u00e0 manifesta\u00e7\u00e3o. Um grupo entoou gritos de ordem contra o STF em frente \u00e0 Corte. &#8220;STF, preste aten\u00e7\u00e3o, sua toga vai virar pano de ch\u00e3o&#8221;, diziam. Tamb\u00e9m h\u00e1 faixas dizendo &#8220;abaixo \u00e0 ditadura do STF&#8221;.<\/p>\n<p>Na \u00faltima quarta-feira, 27, a Pol\u00edcia Federal cumpriu uma s\u00e9rie de mandados de busca e apreens\u00e3o contra bolsonaristas por divulga\u00e7\u00e3o de &#8220;fake news&#8221;. A ordem foi dada pelo STF no \u00e2mbito do inqu\u00e9rito que investiga a divulga\u00e7\u00e3o dessas not\u00edcias falsas.<\/p>\n<p>Um dos investigados, o deputado estadual Douglas Garcia (PSL-SP), participa do ato na capital federal. Ele e um grupo de apoiadores vestindo camiseta do &#8220;movimento conservador&#8221; entoaram um grito de ordem contra o STF. &#8220;Supremo \u00e9 o povo&#8221;, bradaram.<\/p>\n<p>&nbsp;<\/p>\n<p><strong>Fonte: Terra<\/strong><\/p>\n<p>&nbsp;<\/p>\n","protected":false},"excerpt":{"rendered":"<p>O presidente Jair Bolsonaro desembarcou na Esplanada dos Minist\u00e9rios e, sem usar m\u00e1scara, cumprimentou apoiadores que est\u00e3o em frente ao Pal\u00e1cio do Planalto participando de manifesta\u00e7\u00e3o neste domingo, 31. Ele estava acompanhado pelo filho Fl\u00e1vio Bolsonaro, senador pelo Rio de Janeiro. Na manifesta\u00e7\u00e3o, prevalecem as cr\u00edticas \u00e0 atua\u00e7\u00e3o do Supremo Tribunal Federal (STF). Alguns manifestantes &hellip;<\/p>\n","protected":false},"author":1,"featured_media":6903,"comment_status":"open","ping_status":"open","sticky":false,"template":"","format":"standard","meta":{"_jetpack_newsletter_access":"","_jetpack_dont_email_post_to_subs":false,"_jetpack_newsletter_tier_id":0,"_jetpack_memberships_contains_paywalled_content":false,"_jetpack_memberships_contains_paid_content":false,"footnotes":""},"categories":[1],"tags":[],"class_list":["post-6902","post","type-post","status-publish","format-standard","has-post-thumbnail","hentry","category-destaque"],"jetpack_sharing_enabled":true,"jetpack_featured_media_url":"","_links":{"self":[{"href":"https:\/\/www.oparanews.com.br\/index.php\/wp-json\/wp\/v2\/posts\/6902","targetHints":{"allow":["GET"]}}],"collection":[{"href":"https:\/\/www.oparanews.com.br\/index.php\/wp-json\/wp\/v2\/posts"}],"about":[{"href":"https:\/\/www.oparanews.com.br\/index.php\/wp-json\/wp\/v2\/types\/post"}],"author":[{"embeddable":true,"href":"https:\/\/www.oparanews.com.br\/index.php\/wp-json\/wp\/v2\/users\/1"}],"replies":[{"embeddable":true,"href":"https:\/\/www.oparanews.com.br\/index.php\/wp-json\/wp\/v2\/comments?post=6902"}],"version-history":[{"count":0,"href":"https:\/\/www.oparanews.com.br\/index.php\/wp-json\/wp\/v2\/posts\/6902\/revisions"}],"wp:attachment":[{"href":"https:\/\/www.oparanews.com.br\/index.php\/wp-json\/wp\/v2\/media?parent=6902"}],"wp:term":[{"taxonomy":"category","embeddable":true,"href":"https:\/\/www.oparanews.com.br\/index.php\/wp-json\/wp\/v2\/categories?post=6902"},{"taxonomy":"post_tag","embeddable":true,"href":"https:\/\/www.oparanews.com.br\/index.php\/wp-json\/wp\/v2\/tags?post=6902"}],"curies":[{"name":"wp","href":"https:\/\/api.w.org\/{rel}","templated":true}]}}