{"id":6905,"date":"2020-05-31T21:34:12","date_gmt":"2020-05-31T21:34:12","guid":{"rendered":"https:\/\/oparanews.com.br\/?p=6905"},"modified":"2020-05-31T21:34:12","modified_gmt":"2020-05-31T21:34:12","slug":"tamara-angel-nega-namoro-com-roberto-carlos","status":"publish","type":"post","link":"https:\/\/www.oparanews.com.br\/index.php\/2020\/05\/31\/tamara-angel-nega-namoro-com-roberto-carlos\/","title":{"rendered":"Tamara Angel nega namoro com Roberto Carlos"},"content":{"rendered":"<p>O nome de Tamara Angel esteve entre os mais citados da semana. Recentemente, Dudu Braga, filho de Roberto Carlos, comentou que o pai estava novamente com o cora\u00e7\u00e3o preenchido. E eis que Tamara foi apontada como novo amor do Rei.<\/p>\n<p>Ap\u00f3s muito tititi, a cantora usou suas redes sociais neste domingo para desmentir o boato.<\/p>\n<p>&#8220;Vim me posicionar sobre os boatos que est\u00e3o falando a meu respeito. E fazer uma observa\u00e7\u00e3o, como o povo consegue construir uma hist\u00f3ria atrav\u00e9s de uma foto. \u00c9 surreal e a galera acredita piamente nisso. Enfim, resumidamente, eu n\u00e3o estou namorando o Roberto Carlos continuo reles mortal, rainha do caos, pagando meus boletos&#8221;, disse.<\/p>\n<p><strong>Amizade continua<\/strong><\/p>\n<p>Ela explicou que demorou a se pronunciar porque, antes de tudo, quis manter a boa rela\u00e7\u00e3o profissional que tem com o cantor.<\/p>\n<p>&#8220;Eu tive que esperar, falar com o pr\u00f3prio Roberto e equipe pra poder me posicionar, por se tratar de um assunto delicado que pode prejudicar familiares ou afins, ent\u00e3o preferi esperar pra conversar antes, n\u00e3o prejudicar meu relacionamento real, meu relacionamento de trabalho que eu conquistei.<\/p>\n<p><strong>Trabalho com o Rei<\/strong><\/p>\n<p>Tamara adiantou que os dois t\u00eam planos profissionais para o final da quarentena.<\/p>\n<p>&#8220;Estive com o Roberto e a gente est\u00e1 fazendo um som. Enfim, cheguei a ir no est\u00fadio dele na Urca, fui muito bem recebido, tive oportunidade de apresentar minhas m\u00fasicas, mostrar o meu material pra ele e provavelmente, p\u00f3s-quarentena, vai rolar um trabalho com o Roberto.<\/p>\n<p>&#8220;A cantora participou da s\u00e9tima temporada do The Voice Brasil, em 2018. Nem mesmo nesta \u00e9poca seu nome esteve t\u00e3o em evid\u00eancia!<\/p>\n<p>&nbsp;<\/p>\n<p><strong>Fonte: O Fuxico<\/strong><\/p>\n<p>&nbsp;<\/p>\n","protected":false},"excerpt":{"rendered":"<p>O nome de Tamara Angel esteve entre os mais citados da semana. Recentemente, Dudu Braga, filho de Roberto Carlos, comentou que o pai estava novamente com o cora\u00e7\u00e3o preenchido. E eis que Tamara foi apontada como novo amor do Rei. Ap\u00f3s muito tititi, a cantora usou suas redes sociais neste domingo para desmentir o boato. &hellip;<\/p>\n","protected":false},"author":1,"featured_media":6906,"comment_status":"open","ping_status":"open","sticky":false,"template":"","format":"standard","meta":{"_jetpack_newsletter_access":"","_jetpack_dont_email_post_to_subs":false,"_jetpack_newsletter_tier_id":0,"_jetpack_memberships_contains_paywalled_content":false,"_jetpack_memberships_contains_paid_content":false,"footnotes":""},"categories":[1],"tags":[],"class_list":["post-6905","post","type-post","status-publish","format-standard","has-post-thumbnail","hentry","category-destaque"],"jetpack_sharing_enabled":true,"jetpack_featured_media_url":"","_links":{"self":[{"href":"https:\/\/www.oparanews.com.br\/index.php\/wp-json\/wp\/v2\/posts\/6905","targetHints":{"allow":["GET"]}}],"collection":[{"href":"https:\/\/www.oparanews.com.br\/index.php\/wp-json\/wp\/v2\/posts"}],"about":[{"href":"https:\/\/www.oparanews.com.br\/index.php\/wp-json\/wp\/v2\/types\/post"}],"author":[{"embeddable":true,"href":"https:\/\/www.oparanews.com.br\/index.php\/wp-json\/wp\/v2\/users\/1"}],"replies":[{"embeddable":true,"href":"https:\/\/www.oparanews.com.br\/index.php\/wp-json\/wp\/v2\/comments?post=6905"}],"version-history":[{"count":0,"href":"https:\/\/www.oparanews.com.br\/index.php\/wp-json\/wp\/v2\/posts\/6905\/revisions"}],"wp:attachment":[{"href":"https:\/\/www.oparanews.com.br\/index.php\/wp-json\/wp\/v2\/media?parent=6905"}],"wp:term":[{"taxonomy":"category","embeddable":true,"href":"https:\/\/www.oparanews.com.br\/index.php\/wp-json\/wp\/v2\/categories?post=6905"},{"taxonomy":"post_tag","embeddable":true,"href":"https:\/\/www.oparanews.com.br\/index.php\/wp-json\/wp\/v2\/tags?post=6905"}],"curies":[{"name":"wp","href":"https:\/\/api.w.org\/{rel}","templated":true}]}}