{"id":6911,"date":"2020-05-31T21:53:04","date_gmt":"2020-05-31T21:53:04","guid":{"rendered":"https:\/\/oparanews.com.br\/?p=6911"},"modified":"2020-05-31T21:53:04","modified_gmt":"2020-05-31T21:53:04","slug":"atacante-fred-esta-de-volta-ao-fluminense","status":"publish","type":"post","link":"https:\/\/www.oparanews.com.br\/index.php\/2020\/05\/31\/atacante-fred-esta-de-volta-ao-fluminense\/","title":{"rendered":"Atacante Fred est\u00e1 de volta ao Fluminense"},"content":{"rendered":"<p>O atacante Fred est\u00e1 de volta ao Fluminense. Depois de quase quatro anos, o jogador, que estava no Cruzeiro, n\u00e3o escondeu a felicidade de retornar \u00e0s Laranjeiras.<\/p>\n<p>&#8220;Vai ser como sempre foi: emocionante, especial para mim e o cora\u00e7\u00e3o vai estar a mil. Minha felicidade \u00e9 muito grande, uma sensa\u00e7\u00e3o de voltar para casa. S\u00f3 de pensar j\u00e1 fico emocionado. Estou ansioso. O Fluminense tem algo diferente, a nossa torcida tem algo diferente&#8221;, ressaltou o camisa 9, em entrevista ao site oficial do clube.<\/p>\n<p>Fred deixara o Tricolor em 2016. O jogador, que partiu para o Atl\u00e9tico-MG, mas deixou a marca no Fluminense. O camisa 9 foi um dos s\u00edmbolos das importantes conquistas do Campeonato Brasileiro, em 2010 e 2012. Nas duas ocasi\u00f5es, o centroavante foi tamb\u00e9m o artilheiro das competi\u00e7\u00f5es.<\/p>\n<p>O atacante tamb\u00e9m ajudou o Fluminense a levantar o trof\u00e9u da Copa do Brasil em 2012. A conquista, at\u00e9 ent\u00e3o era in\u00e9dita para a equipe.<\/p>\n<p>&#8220;Vou dar a vida com essa camisa e acho que estou voltando para um desafio muito grande na minha carreira. Mas n\u00e3o estou indo s\u00f3 pelo que eu j\u00e1 fiz, mas para provar mais uma vez que sou capaz de continuar jogando em alto n\u00edvel para a nossa torcida, eles sabem que eu posso fazer isso por eles&#8221;, projetou Fred.<\/p>\n<p>&nbsp;<\/p>\n<p><strong>Fonte: Metr\u00f3poles<\/strong><\/p>\n<p>&nbsp;<\/p>\n","protected":false},"excerpt":{"rendered":"<p>O atacante Fred est\u00e1 de volta ao Fluminense. Depois de quase quatro anos, o jogador, que estava no Cruzeiro, n\u00e3o escondeu a felicidade de retornar \u00e0s Laranjeiras. &#8220;Vai ser como sempre foi: emocionante, especial para mim e o cora\u00e7\u00e3o vai estar a mil. Minha felicidade \u00e9 muito grande, uma sensa\u00e7\u00e3o de voltar para casa. S\u00f3 &hellip;<\/p>\n","protected":false},"author":1,"featured_media":6912,"comment_status":"open","ping_status":"open","sticky":false,"template":"","format":"standard","meta":{"_jetpack_newsletter_access":"","_jetpack_dont_email_post_to_subs":false,"_jetpack_newsletter_tier_id":0,"_jetpack_memberships_contains_paywalled_content":false,"_jetpack_memberships_contains_paid_content":false,"footnotes":""},"categories":[1],"tags":[],"class_list":["post-6911","post","type-post","status-publish","format-standard","has-post-thumbnail","hentry","category-destaque"],"jetpack_sharing_enabled":true,"jetpack_featured_media_url":"","_links":{"self":[{"href":"https:\/\/www.oparanews.com.br\/index.php\/wp-json\/wp\/v2\/posts\/6911","targetHints":{"allow":["GET"]}}],"collection":[{"href":"https:\/\/www.oparanews.com.br\/index.php\/wp-json\/wp\/v2\/posts"}],"about":[{"href":"https:\/\/www.oparanews.com.br\/index.php\/wp-json\/wp\/v2\/types\/post"}],"author":[{"embeddable":true,"href":"https:\/\/www.oparanews.com.br\/index.php\/wp-json\/wp\/v2\/users\/1"}],"replies":[{"embeddable":true,"href":"https:\/\/www.oparanews.com.br\/index.php\/wp-json\/wp\/v2\/comments?post=6911"}],"version-history":[{"count":0,"href":"https:\/\/www.oparanews.com.br\/index.php\/wp-json\/wp\/v2\/posts\/6911\/revisions"}],"wp:attachment":[{"href":"https:\/\/www.oparanews.com.br\/index.php\/wp-json\/wp\/v2\/media?parent=6911"}],"wp:term":[{"taxonomy":"category","embeddable":true,"href":"https:\/\/www.oparanews.com.br\/index.php\/wp-json\/wp\/v2\/categories?post=6911"},{"taxonomy":"post_tag","embeddable":true,"href":"https:\/\/www.oparanews.com.br\/index.php\/wp-json\/wp\/v2\/tags?post=6911"}],"curies":[{"name":"wp","href":"https:\/\/api.w.org\/{rel}","templated":true}]}}