{"id":6914,"date":"2020-05-31T21:58:40","date_gmt":"2020-05-31T21:58:40","guid":{"rendered":"https:\/\/oparanews.com.br\/?p=6914"},"modified":"2020-05-31T21:58:40","modified_gmt":"2020-05-31T21:58:40","slug":"tentei-me-matar-inumeras-vezes-diz-lucas-lucco","status":"publish","type":"post","link":"https:\/\/www.oparanews.com.br\/index.php\/2020\/05\/31\/tentei-me-matar-inumeras-vezes-diz-lucas-lucco\/","title":{"rendered":"&#8216;Tentei me matar in\u00fameras vezes&#8217;, diz Lucas Lucco"},"content":{"rendered":"<p>Lucas Lucco, 29, se abriu para seus seguidores nas redes sociais atrav\u00e9s de um v\u00eddeo em que fala sobre como o per\u00edodo da quarentena pode piorar o quadro de ansiedade e depress\u00e3o das pessoas que j\u00e1 t\u00eam uma predisposi\u00e7\u00e3o para esses problemas.<\/p>\n<p>O cantor afirmou que a ansiedade, por exemplo, pode ter altos e baixos, mas que quem sofre do problema precisa se comportar &#8220;como uma crian\u00e7a&#8221;, no sentido de pedir ajuda quando n\u00e3o se sente mais no controle da situa\u00e7\u00e3o.<\/p>\n<p>Relembrando um per\u00edodo de anos atr\u00e1s, quando teve depress\u00e3o, Lucco disse que conseguiu sair daquela situa\u00e7\u00e3o se conectando com Deus. &#8220;Nenhum rem\u00e9dio \u00e9 igual \u00e0 coragem que voc\u00ea tem que ter para mergulhar dentro de voc\u00ea, encarar voc\u00ea mesmo e fazer uma reforma \u00edntima, como se fosse uma casa. Voc\u00ea que tem ansiedade e depress\u00e3o, \u00e9 disso que voc\u00ea precisa. \u00c9 uma grande oportunidade de fazer uma reforma \u00edntima&#8221;, disse.<\/p>\n<p>&#8220;Foi s\u00f3 atrav\u00e9s da depress\u00e3o que eu consegui ter isso [uma rela\u00e7\u00e3o direta com Deus]. Hoje eu agrade\u00e7o a Deus por ter tido depress\u00e3o, e entendo a depress\u00e3o como uma bela de uma oportunidade. Eu amei. Eu vivi os piores momentos da minha vida. Tentei me matar in\u00fameras vezes. Eu tenho tudo, e tentei me matar in\u00fameras vezes. Mas hoje, compreendo cada dia, cada sofrimento. Eu entendi a li\u00e7\u00e3o&#8221;.<\/p>\n<p>&nbsp;<\/p>\n<p><strong>Fonte: Folhapress<\/strong><\/p>\n<p>&nbsp;<\/p>\n","protected":false},"excerpt":{"rendered":"<p>Lucas Lucco, 29, se abriu para seus seguidores nas redes sociais atrav\u00e9s de um v\u00eddeo em que fala sobre como o per\u00edodo da quarentena pode piorar o quadro de ansiedade e depress\u00e3o das pessoas que j\u00e1 t\u00eam uma predisposi\u00e7\u00e3o para esses problemas. O cantor afirmou que a ansiedade, por exemplo, pode ter altos e baixos, &hellip;<\/p>\n","protected":false},"author":1,"featured_media":6915,"comment_status":"open","ping_status":"open","sticky":false,"template":"","format":"standard","meta":{"_jetpack_newsletter_access":"","_jetpack_dont_email_post_to_subs":false,"_jetpack_newsletter_tier_id":0,"_jetpack_memberships_contains_paywalled_content":false,"_jetpack_memberships_contains_paid_content":false,"footnotes":""},"categories":[1],"tags":[],"class_list":["post-6914","post","type-post","status-publish","format-standard","has-post-thumbnail","hentry","category-destaque"],"jetpack_sharing_enabled":true,"jetpack_featured_media_url":"","_links":{"self":[{"href":"https:\/\/www.oparanews.com.br\/index.php\/wp-json\/wp\/v2\/posts\/6914","targetHints":{"allow":["GET"]}}],"collection":[{"href":"https:\/\/www.oparanews.com.br\/index.php\/wp-json\/wp\/v2\/posts"}],"about":[{"href":"https:\/\/www.oparanews.com.br\/index.php\/wp-json\/wp\/v2\/types\/post"}],"author":[{"embeddable":true,"href":"https:\/\/www.oparanews.com.br\/index.php\/wp-json\/wp\/v2\/users\/1"}],"replies":[{"embeddable":true,"href":"https:\/\/www.oparanews.com.br\/index.php\/wp-json\/wp\/v2\/comments?post=6914"}],"version-history":[{"count":0,"href":"https:\/\/www.oparanews.com.br\/index.php\/wp-json\/wp\/v2\/posts\/6914\/revisions"}],"wp:attachment":[{"href":"https:\/\/www.oparanews.com.br\/index.php\/wp-json\/wp\/v2\/media?parent=6914"}],"wp:term":[{"taxonomy":"category","embeddable":true,"href":"https:\/\/www.oparanews.com.br\/index.php\/wp-json\/wp\/v2\/categories?post=6914"},{"taxonomy":"post_tag","embeddable":true,"href":"https:\/\/www.oparanews.com.br\/index.php\/wp-json\/wp\/v2\/tags?post=6914"}],"curies":[{"name":"wp","href":"https:\/\/api.w.org\/{rel}","templated":true}]}}