{"id":6923,"date":"2020-05-31T22:12:55","date_gmt":"2020-05-31T22:12:55","guid":{"rendered":"https:\/\/oparanews.com.br\/?p=6923"},"modified":"2020-05-31T22:12:55","modified_gmt":"2020-05-31T22:12:55","slug":"isolamento-e-prorrogado-em-alagoas-ate-10-de-junho","status":"publish","type":"post","link":"https:\/\/www.oparanews.com.br\/index.php\/2020\/05\/31\/isolamento-e-prorrogado-em-alagoas-ate-10-de-junho\/","title":{"rendered":"Isolamento \u00e9 prorrogado em Alagoas at\u00e9 10 de junho"},"content":{"rendered":"<p>O Governo do Estado prorrogou, por meio do Decreto n\u00ba 69.935 publicado na tarde deste domingo (31), as medidas de enfrentamento \u00e0 Covid-19, doen\u00e7a provocada pelo novo coronav\u00edrus, em Alagoas. As regras permanecem as mesmas da vers\u00e3o anterior do documento normativo e seguir\u00e3o em vigor at\u00e9 as 23h59 do dia 10 de junho, podendo ser prorrogadas ao final desse per\u00edodo.<\/p>\n<p>O governador Renan Filho refor\u00e7ou que as medidas para o enfrentamento da pandemia est\u00e3o sendo tomadas com base num amplo e permanente di\u00e1logo com a sociedade, entidades m\u00e9dicas e o setor produtivo, primando, sempre, pelo que preceitua a ci\u00eancia.<\/p>\n<p>\u201cO fundamental \u00e9 que o Estado utilize todos os mecanismos que tem para intensificar as medidas de isolamento social por um lado e, por outro, fortalecer o sistema de sa\u00fade, oferecendo mais leitos e melhores condi\u00e7\u00f5es para as pessoas serem atendidas. Se isso acontecer a contento, a gente pode evitar o colapso da rede hospitalar, o que significa salvar vidas. \u00c9 em busca de vencer essa batalha que estamos trabalhando em Alagoas\u201d, afirmou Renan Filho.<\/p>\n<p>O Decreto deste domingo prorroga e refor\u00e7a, justamente, as medidas que visam salvar vidas, sobretudo por meio do distanciamento social. O procedimento \u00e9 considerado o mais eficaz pela ci\u00eancia, pois impede que a curva de cont\u00e1gio pelo novo coronav\u00edrus cres\u00e7a e provoque o colapso do sistema de sa\u00fade.<\/p>\n<p>Na outra frente, o Governo do Estado trabalha intensamente para elevar o n\u00famero de leitos destinados ao tratamento dos casos suspeitos e confirmados da Covid-19. Em 60 dias, Alagoas criou cerca de mil novas vagas no sistema p\u00fablico de sa\u00fade em hospitais e unidades da pr\u00f3pria rede e contratualizadas. S\u00e3o leitos cl\u00ednicos e de UTI (Unidade de Terapia Intensiva).<\/p>\n<p>\u201cEsperamos que a popula\u00e7\u00e3o continue colaborando. Por um lado, o Governo do Estado amplia a rede de sa\u00fade com novos leitos de enfermaria e de UTI; por outro, pede ao cidad\u00e3o que contribua com as medidas de isolamento social. Exige, ainda, alguns procedimentos j\u00e1 previstos nos Decretos anteriores, como, por exemplo, o uso de m\u00e1scaras\u201d, pontuou o governador.<\/p>\n<p>O novo Decreto tamb\u00e9m mant\u00e9m o rigor da fiscaliza\u00e7\u00e3o na Regi\u00e3o Metropolitana de Macei\u00f3 e Arapiraca. Essas a\u00e7\u00f5es foram intensificadas desde a vers\u00e3o anterior do documento. Al\u00e9m da conscientiza\u00e7\u00e3o sobre o uso de m\u00e1scaras e respeito ao distanciamento social, o patrulhamento e as abordagens identificam casos de desobedi\u00eancia e de descumprimento \u00e0s medidas restritivas de circula\u00e7\u00e3o e atividades comerciais.<\/p>\n<p>\u201cNo \u00faltimo decreto, intensificamos as medidas de fiscaliza\u00e7\u00e3o mais focadas nas regi\u00f5es e bairros onde havia uma maior incid\u00eancia de casos e de mortes por coronav\u00edrus. Isso colaborou bastante para a eleva\u00e7\u00e3o do isolamento na regi\u00e3o metropolitana de Macei\u00f3 e de Arapiraca\u201d, recordou o governador.<\/p>\n<p>Desde os primeiros decretos, as for\u00e7as policiais passaram a fiscalizar rodovias, transporte coletivo, espa\u00e7os p\u00fablicos, estabelecimentos, feiras livres e demais localidades com potencial de aglomera\u00e7\u00e3o de pessoas ou de funcionamento ilegal durante a pandemia.<\/p>\n<p>Como j\u00e1 previsto, os infratores podem ser alvo de san\u00e7\u00f5es penais e administrativas como multa, apreens\u00e3o, interdi\u00e7\u00e3o e o emprego de for\u00e7a policial, bem como serem responsabilizados civil e penalmente, pela caracteriza\u00e7\u00e3o de crime contra a sa\u00fade p\u00fablica, tipificado no art. 268 do C\u00f3digo Penal e Civil.<\/p>\n<p>As multas podem variar entre R$ 5 mil (pessoa f\u00edsica) e R$ 50 mil (pessoa jur\u00eddica) por dia. Den\u00fancias podem ser feitas pela popula\u00e7\u00e3o por meio do n\u00famero 181 ou pelo 190, em casos de flagrantes. As aulas nas escolas continuam suspensas e as regras para utiliza\u00e7\u00e3o do transporte coletivo e estabelecimentos comerciais autorizados a funcionar est\u00e3o mantidas.<\/p>\n<p>&nbsp;<\/p>\n<p><strong>Fonte: Ag\u00eancia Alagoas<\/strong><\/p>\n<p>&nbsp;<\/p>\n","protected":false},"excerpt":{"rendered":"<p>O Governo do Estado prorrogou, por meio do Decreto n\u00ba 69.935 publicado na tarde deste domingo (31), as medidas de enfrentamento \u00e0 Covid-19, doen\u00e7a provocada pelo novo coronav\u00edrus, em Alagoas. As regras permanecem as mesmas da vers\u00e3o anterior do documento normativo e seguir\u00e3o em vigor at\u00e9 as 23h59 do dia 10 de junho, podendo ser &hellip;<\/p>\n","protected":false},"author":1,"featured_media":6924,"comment_status":"open","ping_status":"open","sticky":false,"template":"","format":"standard","meta":{"_jetpack_newsletter_access":"","_jetpack_dont_email_post_to_subs":false,"_jetpack_newsletter_tier_id":0,"_jetpack_memberships_contains_paywalled_content":false,"_jetpack_memberships_contains_paid_content":false,"footnotes":""},"categories":[1],"tags":[],"class_list":["post-6923","post","type-post","status-publish","format-standard","has-post-thumbnail","hentry","category-destaque"],"jetpack_sharing_enabled":true,"jetpack_featured_media_url":"","_links":{"self":[{"href":"https:\/\/www.oparanews.com.br\/index.php\/wp-json\/wp\/v2\/posts\/6923","targetHints":{"allow":["GET"]}}],"collection":[{"href":"https:\/\/www.oparanews.com.br\/index.php\/wp-json\/wp\/v2\/posts"}],"about":[{"href":"https:\/\/www.oparanews.com.br\/index.php\/wp-json\/wp\/v2\/types\/post"}],"author":[{"embeddable":true,"href":"https:\/\/www.oparanews.com.br\/index.php\/wp-json\/wp\/v2\/users\/1"}],"replies":[{"embeddable":true,"href":"https:\/\/www.oparanews.com.br\/index.php\/wp-json\/wp\/v2\/comments?post=6923"}],"version-history":[{"count":0,"href":"https:\/\/www.oparanews.com.br\/index.php\/wp-json\/wp\/v2\/posts\/6923\/revisions"}],"wp:attachment":[{"href":"https:\/\/www.oparanews.com.br\/index.php\/wp-json\/wp\/v2\/media?parent=6923"}],"wp:term":[{"taxonomy":"category","embeddable":true,"href":"https:\/\/www.oparanews.com.br\/index.php\/wp-json\/wp\/v2\/categories?post=6923"},{"taxonomy":"post_tag","embeddable":true,"href":"https:\/\/www.oparanews.com.br\/index.php\/wp-json\/wp\/v2\/tags?post=6923"}],"curies":[{"name":"wp","href":"https:\/\/api.w.org\/{rel}","templated":true}]}}