{"id":6926,"date":"2020-06-01T13:10:38","date_gmt":"2020-06-01T13:10:38","guid":{"rendered":"https:\/\/oparanews.com.br\/?p=6926"},"modified":"2020-06-01T13:10:38","modified_gmt":"2020-06-01T13:10:38","slug":"volante-de-caminhao-trava-e-veiculo-sai-da-pista-na-al-101-sul","status":"publish","type":"post","link":"https:\/\/www.oparanews.com.br\/index.php\/2020\/06\/01\/volante-de-caminhao-trava-e-veiculo-sai-da-pista-na-al-101-sul\/","title":{"rendered":"Volante de caminh\u00e3o trava e ve\u00edculo sai da pista na AL 101 Sul"},"content":{"rendered":"<p>Um motorista de caminh\u00e3o perdeu o controle direcional e saiu da pista na madrugada desta segunda-feira (1) em um trecho da Rodovia AL 101 Sul, em Marechal Deodoro, regi\u00e3o metropolitana de Macei\u00f3.<\/p>\n<p>Segundo o Batalh\u00e3o de Pol\u00edcia Rodovi\u00e1rio (BPRv), o motorista trafegava pela faixa de rolamento, quando o volante do caminh\u00e3o travou e fez com que ele tombasse no canteiro central no sentido Macei\u00f3\/Marechal Deodoro.<\/p>\n<p>O acidente causou apenas danos materiais e o tr\u00e2nsito da regi\u00e3o n\u00e3o foi interrompido.<\/p>\n<p>&nbsp;<\/p>\n<p><strong>Fonte: G1\/AL<\/strong><\/p>\n<p>&nbsp;<\/p>\n","protected":false},"excerpt":{"rendered":"<p>Um motorista de caminh\u00e3o perdeu o controle direcional e saiu da pista na madrugada desta segunda-feira (1) em um trecho da Rodovia AL 101 Sul, em Marechal Deodoro, regi\u00e3o metropolitana de Macei\u00f3. Segundo o Batalh\u00e3o de Pol\u00edcia Rodovi\u00e1rio (BPRv), o motorista trafegava pela faixa de rolamento, quando o volante do caminh\u00e3o travou e fez com &hellip;<\/p>\n","protected":false},"author":1,"featured_media":6927,"comment_status":"open","ping_status":"open","sticky":false,"template":"","format":"standard","meta":{"_jetpack_newsletter_access":"","_jetpack_dont_email_post_to_subs":false,"_jetpack_newsletter_tier_id":0,"_jetpack_memberships_contains_paywalled_content":false,"_jetpack_memberships_contains_paid_content":false,"footnotes":""},"categories":[1],"tags":[],"class_list":["post-6926","post","type-post","status-publish","format-standard","has-post-thumbnail","hentry","category-destaque"],"jetpack_sharing_enabled":true,"jetpack_featured_media_url":"","_links":{"self":[{"href":"https:\/\/www.oparanews.com.br\/index.php\/wp-json\/wp\/v2\/posts\/6926","targetHints":{"allow":["GET"]}}],"collection":[{"href":"https:\/\/www.oparanews.com.br\/index.php\/wp-json\/wp\/v2\/posts"}],"about":[{"href":"https:\/\/www.oparanews.com.br\/index.php\/wp-json\/wp\/v2\/types\/post"}],"author":[{"embeddable":true,"href":"https:\/\/www.oparanews.com.br\/index.php\/wp-json\/wp\/v2\/users\/1"}],"replies":[{"embeddable":true,"href":"https:\/\/www.oparanews.com.br\/index.php\/wp-json\/wp\/v2\/comments?post=6926"}],"version-history":[{"count":0,"href":"https:\/\/www.oparanews.com.br\/index.php\/wp-json\/wp\/v2\/posts\/6926\/revisions"}],"wp:attachment":[{"href":"https:\/\/www.oparanews.com.br\/index.php\/wp-json\/wp\/v2\/media?parent=6926"}],"wp:term":[{"taxonomy":"category","embeddable":true,"href":"https:\/\/www.oparanews.com.br\/index.php\/wp-json\/wp\/v2\/categories?post=6926"},{"taxonomy":"post_tag","embeddable":true,"href":"https:\/\/www.oparanews.com.br\/index.php\/wp-json\/wp\/v2\/tags?post=6926"}],"curies":[{"name":"wp","href":"https:\/\/api.w.org\/{rel}","templated":true}]}}