{"id":6945,"date":"2020-06-02T15:03:11","date_gmt":"2020-06-02T15:03:11","guid":{"rendered":"https:\/\/oparanews.com.br\/?p=6945"},"modified":"2020-06-02T15:03:11","modified_gmt":"2020-06-02T15:03:11","slug":"suspeito-de-trafico-em-sao-paulo-e-preso-pela-policia-civil-em-arapiraca","status":"publish","type":"post","link":"https:\/\/www.oparanews.com.br\/index.php\/2020\/06\/02\/suspeito-de-trafico-em-sao-paulo-e-preso-pela-policia-civil-em-arapiraca\/","title":{"rendered":"Suspeito de tr\u00e1fico em S\u00e3o Paulo \u00e9 preso pela Pol\u00edcia Civil em Arapiraca"},"content":{"rendered":"<p>Uma opera\u00e7\u00e3o da Pol\u00edcia Civil prendeu um homem de 22 anos suspeito de tr\u00e1fico na cidade de Arapiraca. Segundo a pol\u00edcia, ele tinha mandado de pris\u00e3o em aberto na cidade de S\u00e3o Paulo. A informa\u00e7\u00e3o foi divulgada nesta ter\u00e7a-feira (2)<\/p>\n<p>A pris\u00e3o aconteceu no bairro Canaf\u00edstola, na segunda-feira (1\u00ba). A Divis\u00e3o Especial de Investiga\u00e7\u00e3o e Capturas (DEIC) recebeu da Pol\u00edcia Civil de S\u00e3o Paulo o mandado de pris\u00e3o contra o suspeito h\u00e1 pelo menos 15 dias, e o Nucleo de Intelig\u00eancia (NI) iniciou uma investiga\u00e7\u00e3o para chegar at\u00e9 o suspeito, foragido daquele estado.<\/p>\n<p>Ap\u00f3s a pris\u00e3o, ele foi encaminhado para a Central de Pol\u00edcia Civil de Arapiraca onde foi formalizado o cumprimento do mandado de pris\u00e3o.<\/p>\n<p>&nbsp;<\/p>\n<p><strong>Fonte: G1\/AL<\/strong><\/p>\n<p>&nbsp;<\/p>\n","protected":false},"excerpt":{"rendered":"<p>Uma opera\u00e7\u00e3o da Pol\u00edcia Civil prendeu um homem de 22 anos suspeito de tr\u00e1fico na cidade de Arapiraca. Segundo a pol\u00edcia, ele tinha mandado de pris\u00e3o em aberto na cidade de S\u00e3o Paulo. A informa\u00e7\u00e3o foi divulgada nesta ter\u00e7a-feira (2) A pris\u00e3o aconteceu no bairro Canaf\u00edstola, na segunda-feira (1\u00ba). A Divis\u00e3o Especial de Investiga\u00e7\u00e3o e &hellip;<\/p>\n","protected":false},"author":1,"featured_media":6946,"comment_status":"open","ping_status":"open","sticky":false,"template":"","format":"standard","meta":{"_jetpack_newsletter_access":"","_jetpack_dont_email_post_to_subs":false,"_jetpack_newsletter_tier_id":0,"_jetpack_memberships_contains_paywalled_content":false,"_jetpack_memberships_contains_paid_content":false,"footnotes":""},"categories":[1],"tags":[],"class_list":["post-6945","post","type-post","status-publish","format-standard","has-post-thumbnail","hentry","category-destaque"],"jetpack_sharing_enabled":true,"jetpack_featured_media_url":"","_links":{"self":[{"href":"https:\/\/www.oparanews.com.br\/index.php\/wp-json\/wp\/v2\/posts\/6945","targetHints":{"allow":["GET"]}}],"collection":[{"href":"https:\/\/www.oparanews.com.br\/index.php\/wp-json\/wp\/v2\/posts"}],"about":[{"href":"https:\/\/www.oparanews.com.br\/index.php\/wp-json\/wp\/v2\/types\/post"}],"author":[{"embeddable":true,"href":"https:\/\/www.oparanews.com.br\/index.php\/wp-json\/wp\/v2\/users\/1"}],"replies":[{"embeddable":true,"href":"https:\/\/www.oparanews.com.br\/index.php\/wp-json\/wp\/v2\/comments?post=6945"}],"version-history":[{"count":0,"href":"https:\/\/www.oparanews.com.br\/index.php\/wp-json\/wp\/v2\/posts\/6945\/revisions"}],"wp:attachment":[{"href":"https:\/\/www.oparanews.com.br\/index.php\/wp-json\/wp\/v2\/media?parent=6945"}],"wp:term":[{"taxonomy":"category","embeddable":true,"href":"https:\/\/www.oparanews.com.br\/index.php\/wp-json\/wp\/v2\/categories?post=6945"},{"taxonomy":"post_tag","embeddable":true,"href":"https:\/\/www.oparanews.com.br\/index.php\/wp-json\/wp\/v2\/tags?post=6945"}],"curies":[{"name":"wp","href":"https:\/\/api.w.org\/{rel}","templated":true}]}}