{"id":6949,"date":"2020-06-03T00:14:05","date_gmt":"2020-06-03T00:14:05","guid":{"rendered":"https:\/\/oparanews.com.br\/?p=6949"},"modified":"2020-06-03T00:14:05","modified_gmt":"2020-06-03T00:14:05","slug":"escolas-tem-ate-21-de-agosto-para-declarar-a-primeira-etapa-do-censo-escolar","status":"publish","type":"post","link":"https:\/\/www.oparanews.com.br\/index.php\/2020\/06\/03\/escolas-tem-ate-21-de-agosto-para-declarar-a-primeira-etapa-do-censo-escolar\/","title":{"rendered":"Escolas t\u00eam at\u00e9 21 de agosto para declarar a primeira etapa do Censo Escolar"},"content":{"rendered":"<p>Escolas p\u00fablicas e privadas do pa\u00eds ter\u00e3o at\u00e9 o dia 21 de agosto para declarar informa\u00e7\u00f5es relativas \u00e0 primeira etapa do Censo Escolar 2020. O sistema est\u00e1 aberto para a coleta desde o \u00faltimo dia 27 e o procedimento deve ser feito por meio do site (http:\/\/educacenso.inep.gov.br\/censobasico\/#\/). A informa\u00e7\u00e3o foi divulgada pelo Instituto Nacional de Estudos e Pesquisas Educacionais An\u00edsio Teixeira (Inep) &#8211; \u00f3rg\u00e3o ligado ao Minist\u00e9rio da Educa\u00e7\u00e3o (MEC) \u2013 em seu site (portal.inep.gov.br).<\/p>\n<p>A suspens\u00e3o das atividades presenciais das escolas de todo o pa\u00eds em virtude da pandemia do coronav\u00edrus fez com que o prazo de declara\u00e7\u00e3o e disponibilidade de acesso ao Sistema Educacenso fosse ampliado para 87 dias.<\/p>\n<p>Al\u00e9m disso, o per\u00edodo de refer\u00eancia para a declara\u00e7\u00e3o das matr\u00edculas tamb\u00e9m foi alterado. As escolas ter\u00e3o que considerar o dia 11 de mar\u00e7o de 2020 \u2013 data anterior ao in\u00edcio da suspens\u00e3o das atividades escolares no Brasil por conta do isolamento social \u2013 como data de corte. Sendo assim, os dados e as informa\u00e7\u00f5es sobre as matr\u00edculas apresentados ao Censo Escolar 2020 devem ter como refer\u00eancia essa data.<\/p>\n<p>Dados &#8211; Nesta primeira etapa, as escolas informar\u00e3o dados referentes \u00e0 matr\u00edcula inicial, quando s\u00e3o coletados informes sobre unidades de ensino, gestores, turmas, alunos e profissionais escolares em sala de aula.<\/p>\n<p>O Censo \u2013 Os dados coletados pelo Censo Escolar 2020 contribuir\u00e3o para o c\u00e1lculo do \u00cdndice de Desenvolvimento da Educa\u00e7\u00e3o B\u00e1sica (ldeb), principal indicador da qualidade de ensino b\u00e1sico do Brasil, al\u00e9m de subsidiar o repasse de verba para programas referentes merenda escolar, transporte, livros did\u00e1ticos para munic\u00edpios e unidades da federa\u00e7\u00e3o.<\/p>\n<p>At\u00e9 mesmo o Programa Bolsa Fam\u00edlia est\u00e1 interligado ao Censo Escolar, visto que o pagamento do benef\u00edcio \u00e9 condicionado \u00e0 frequ\u00eancia escolar de pelo menos 85% ao m\u00eas do estudante benefici\u00e1rio.<\/p>\n<p>&nbsp;<\/p>\n<p><strong>Fonte: Ag\u00eancia Alagoas<\/strong><\/p>\n<p>&nbsp;<\/p>\n","protected":false},"excerpt":{"rendered":"<p>Escolas p\u00fablicas e privadas do pa\u00eds ter\u00e3o at\u00e9 o dia 21 de agosto para declarar informa\u00e7\u00f5es relativas \u00e0 primeira etapa do Censo Escolar 2020. O sistema est\u00e1 aberto para a coleta desde o \u00faltimo dia 27 e o procedimento deve ser feito por meio do site (http:\/\/educacenso.inep.gov.br\/censobasico\/#\/). A informa\u00e7\u00e3o foi divulgada pelo Instituto Nacional de &hellip;<\/p>\n","protected":false},"author":1,"featured_media":6950,"comment_status":"open","ping_status":"open","sticky":false,"template":"","format":"standard","meta":{"_jetpack_newsletter_access":"","_jetpack_dont_email_post_to_subs":false,"_jetpack_newsletter_tier_id":0,"_jetpack_memberships_contains_paywalled_content":false,"_jetpack_memberships_contains_paid_content":false,"footnotes":""},"categories":[1],"tags":[],"class_list":["post-6949","post","type-post","status-publish","format-standard","has-post-thumbnail","hentry","category-destaque"],"jetpack_sharing_enabled":true,"jetpack_featured_media_url":"","_links":{"self":[{"href":"https:\/\/www.oparanews.com.br\/index.php\/wp-json\/wp\/v2\/posts\/6949","targetHints":{"allow":["GET"]}}],"collection":[{"href":"https:\/\/www.oparanews.com.br\/index.php\/wp-json\/wp\/v2\/posts"}],"about":[{"href":"https:\/\/www.oparanews.com.br\/index.php\/wp-json\/wp\/v2\/types\/post"}],"author":[{"embeddable":true,"href":"https:\/\/www.oparanews.com.br\/index.php\/wp-json\/wp\/v2\/users\/1"}],"replies":[{"embeddable":true,"href":"https:\/\/www.oparanews.com.br\/index.php\/wp-json\/wp\/v2\/comments?post=6949"}],"version-history":[{"count":0,"href":"https:\/\/www.oparanews.com.br\/index.php\/wp-json\/wp\/v2\/posts\/6949\/revisions"}],"wp:attachment":[{"href":"https:\/\/www.oparanews.com.br\/index.php\/wp-json\/wp\/v2\/media?parent=6949"}],"wp:term":[{"taxonomy":"category","embeddable":true,"href":"https:\/\/www.oparanews.com.br\/index.php\/wp-json\/wp\/v2\/categories?post=6949"},{"taxonomy":"post_tag","embeddable":true,"href":"https:\/\/www.oparanews.com.br\/index.php\/wp-json\/wp\/v2\/tags?post=6949"}],"curies":[{"name":"wp","href":"https:\/\/api.w.org\/{rel}","templated":true}]}}