{"id":6959,"date":"2020-06-03T00:21:46","date_gmt":"2020-06-03T00:21:46","guid":{"rendered":"https:\/\/oparanews.com.br\/?p=6959"},"modified":"2020-06-03T00:21:46","modified_gmt":"2020-06-03T00:21:46","slug":"prefeitura-de-penedo-cria-comite-para-planejar-reabertura-do-comercio","status":"publish","type":"post","link":"https:\/\/www.oparanews.com.br\/index.php\/2020\/06\/03\/prefeitura-de-penedo-cria-comite-para-planejar-reabertura-do-comercio\/","title":{"rendered":"Prefeitura de Penedo cria comit\u00ea para planejar reabertura do com\u00e9rcio"},"content":{"rendered":"<p>A reabertura do com\u00e9rcio e setores prestadores de servi\u00e7o em Penedo ser\u00e1 debatida e planejada de forma ampla e democr\u00e1tica.<\/p>\n<p>O di\u00e1logo institucional proposto pelo governo M\u00e1rcius Beltr\u00e3o\/Ronaldo Lopes acontecer\u00e1 no comit\u00ea que une \u00f3rg\u00e3os da administra\u00e7\u00e3o municipal com representantes da CDL, do Sindilojas, do Sebrae, do Poder Legislativo Municipal e do sindicato dos trabalhadores do com\u00e9rcio.<\/p>\n<p>Institu\u00eddo no Decreto de n\u00ba 682\/2020, o Comit\u00ea de Gerenciamento de Impactos Econ\u00f4micos da Crise relacionado ao coronav\u00edrus tem como objetivo coordenar a\u00e7\u00f5es estrat\u00e9gicas para superar a crise gerada pela pandemia.<\/p>\n<p>O resultado desse esfor\u00e7o conjunto tamb\u00e9m dar\u00e1 suporte ao trabalho a ser desenvolvido pela Prefeitura de Penedo, gerando os protocolos necess\u00e1rios para a retomada das atividades econ\u00f4micas, com atendimento ao p\u00fablico e de forma segura para todos: clientes, funcion\u00e1rios e empres\u00e1rios.<\/p>\n<p>A flexibiliza\u00e7\u00e3o das regras ocorrer\u00e1 de forma progressiva e respeitando as medidas de isolamento social previstas em decreto estadual e municipal, normas que seguem as recomenda\u00e7\u00f5es da Organiza\u00e7\u00e3o Mundial de Sa\u00fade (OMS) no combate \u00e0 Covid-19.<\/p>\n<p>De acordo com o artigo 5\u00ba do decreto publicado na edi\u00e7\u00e3o desta ter\u00e7a-feira, 02 de junho, no Di\u00e1rio Oficial do Munic\u00edpio, o Comit\u00ea ter\u00e1 at\u00e9 quinze dias, a contar da publica\u00e7\u00e3o do documento, para deliberar e entregar os protocolos de funcionamento das atividades econ\u00f4micas e atendimento ao p\u00fablico.<\/p>\n<p>Confira aqui a \u00edntegra do Decreto Municipal que disp\u00f5e sobre a cria\u00e7\u00e3o do Comit\u00ea de Gerenciamento de Impactos Econ\u00f4micos da Crise relacionada \u00e0 Covid-19.<\/p>\n<p>&nbsp;<\/p>\n<p><strong>por Fernando Vin\u00edcius \u2013 Decom PMP<\/strong><\/p>\n<p>&nbsp;<\/p>\n","protected":false},"excerpt":{"rendered":"<p>A reabertura do com\u00e9rcio e setores prestadores de servi\u00e7o em Penedo ser\u00e1 debatida e planejada de forma ampla e democr\u00e1tica. O di\u00e1logo institucional proposto pelo governo M\u00e1rcius Beltr\u00e3o\/Ronaldo Lopes acontecer\u00e1 no comit\u00ea que une \u00f3rg\u00e3os da administra\u00e7\u00e3o municipal com representantes da CDL, do Sindilojas, do Sebrae, do Poder Legislativo Municipal e do sindicato dos trabalhadores &hellip;<\/p>\n","protected":false},"author":1,"featured_media":6960,"comment_status":"open","ping_status":"open","sticky":false,"template":"","format":"standard","meta":{"_jetpack_newsletter_access":"","_jetpack_dont_email_post_to_subs":false,"_jetpack_newsletter_tier_id":0,"_jetpack_memberships_contains_paywalled_content":false,"_jetpack_memberships_contains_paid_content":false,"footnotes":""},"categories":[1],"tags":[],"class_list":["post-6959","post","type-post","status-publish","format-standard","has-post-thumbnail","hentry","category-destaque"],"jetpack_sharing_enabled":true,"jetpack_featured_media_url":"","_links":{"self":[{"href":"https:\/\/www.oparanews.com.br\/index.php\/wp-json\/wp\/v2\/posts\/6959","targetHints":{"allow":["GET"]}}],"collection":[{"href":"https:\/\/www.oparanews.com.br\/index.php\/wp-json\/wp\/v2\/posts"}],"about":[{"href":"https:\/\/www.oparanews.com.br\/index.php\/wp-json\/wp\/v2\/types\/post"}],"author":[{"embeddable":true,"href":"https:\/\/www.oparanews.com.br\/index.php\/wp-json\/wp\/v2\/users\/1"}],"replies":[{"embeddable":true,"href":"https:\/\/www.oparanews.com.br\/index.php\/wp-json\/wp\/v2\/comments?post=6959"}],"version-history":[{"count":0,"href":"https:\/\/www.oparanews.com.br\/index.php\/wp-json\/wp\/v2\/posts\/6959\/revisions"}],"wp:attachment":[{"href":"https:\/\/www.oparanews.com.br\/index.php\/wp-json\/wp\/v2\/media?parent=6959"}],"wp:term":[{"taxonomy":"category","embeddable":true,"href":"https:\/\/www.oparanews.com.br\/index.php\/wp-json\/wp\/v2\/categories?post=6959"},{"taxonomy":"post_tag","embeddable":true,"href":"https:\/\/www.oparanews.com.br\/index.php\/wp-json\/wp\/v2\/tags?post=6959"}],"curies":[{"name":"wp","href":"https:\/\/api.w.org\/{rel}","templated":true}]}}