{"id":6962,"date":"2020-06-03T00:27:16","date_gmt":"2020-06-03T00:27:16","guid":{"rendered":"https:\/\/oparanews.com.br\/?p=6962"},"modified":"2020-06-03T00:27:16","modified_gmt":"2020-06-03T00:27:16","slug":"penedo-registra-44-casos-do-novo-coronavirus-covid-19","status":"publish","type":"post","link":"https:\/\/www.oparanews.com.br\/index.php\/2020\/06\/03\/penedo-registra-44-casos-do-novo-coronavirus-covid-19\/","title":{"rendered":"Penedo registra 44 casos confirmados do novo Coronav\u00edrus (Covid-19)"},"content":{"rendered":"<p>O boletim epidemiol\u00f3gico da Covid-19 divulgado nesta ter\u00e7a-feira, 02 de junho, registra 44 casos confirmados de pessoas residentes em Penedo infectadas pelo Novo Coronav\u00edrus.<\/p>\n<p><a href=\"https:\/\/oparanews.com.br\/wp-content\/uploads\/2020\/06\/aaaaaaaaaaaaaaaaaaaaaa-15.jpg\"><img loading=\"lazy\" decoding=\"async\" class=\"alignleft size-medium wp-image-6963\" src=\"https:\/\/oparanews.com.br\/wp-content\/uploads\/2020\/06\/aaaaaaaaaaaaaaaaaaaaaa-15-273x300.jpg\" alt=\"\" width=\"273\" height=\"300\" \/><\/a>Em rela\u00e7\u00e3o ao boletim publicado ontem pela Secretaria Municipal de Sa\u00fade (SEMS), \u00e9 importante ressaltar que o aumento consider\u00e1vel \u2013 de 34 para 44 \u2013 n\u00e3o se deu apenas nas \u00faltimas 24 horas, mas ao longo dos dias anteriores.<\/p>\n<p>Ainda sobre essa quest\u00e3o, a inclus\u00e3o dos registros dos 102 munic\u00edpios alagoanos nos dados oficiais depende da Secretaria de Estado da Sa\u00fade (Sesau), inst\u00e2ncia sobrecarregada de demandas relacionadas \u00e0 pandemia, inclusive pelo aumento da testagem em todo o estado.<\/p>\n<p>O boletim de casos confirmados por localidade de Penedo mostra aumento no bairro Dom Constantino \u2013 o de maior \u00edndice, com 12 casos \u2013 e no Centro Hist\u00f3rico, 07 casos.<\/p>\n<p>Confira abaixo a distribui\u00e7\u00e3o dos 44 casos confirmados de Covid-19 no munic\u00edpio.<\/p>\n<p><a href=\"https:\/\/oparanews.com.br\/wp-content\/uploads\/2020\/06\/aaaaaaaaaaaaaaaaaaaaaa-17.jpg\"><img loading=\"lazy\" decoding=\"async\" class=\"alignleft size-medium wp-image-6965\" src=\"https:\/\/oparanews.com.br\/wp-content\/uploads\/2020\/06\/aaaaaaaaaaaaaaaaaaaaaa-17-273x300.jpg\" alt=\"\" width=\"273\" height=\"300\" \/><\/a><br \/>\nO boletim epidemiol\u00f3gico atualizado da Covid-19 em Penedo mostra 67 casos descartados no munic\u00edpio, 112 sendo monitorados, cinco suspeitos e cinco recuperados, al\u00e9m de dois \u00f3bitos.<\/p>\n<p>Em Alagoas, a doen\u00e7a j\u00e1 tem 11.559 casos confirmados e 482 \u00f3bitos, al\u00e9m de 2.144 suspeitos e 6.575 recuperados. No Brasil, os registros oficiais apontam mais de 31 mil mortes e 55.5.383 casos confirmados at\u00e9 esta ter\u00e7a-feira, 02 de junho de 2020.<\/p>\n<p>&nbsp;<\/p>\n<p><strong>Fonte: Decom &#8211; PMP<\/strong><\/p>\n<p>&nbsp;<\/p>\n","protected":false},"excerpt":{"rendered":"<p>O boletim epidemiol\u00f3gico da Covid-19 divulgado nesta ter\u00e7a-feira, 02 de junho, registra 44 casos confirmados de pessoas residentes em Penedo infectadas pelo Novo Coronav\u00edrus. Em rela\u00e7\u00e3o ao boletim publicado ontem pela Secretaria Municipal de Sa\u00fade (SEMS), \u00e9 importante ressaltar que o aumento consider\u00e1vel \u2013 de 34 para 44 \u2013 n\u00e3o se deu apenas nas \u00faltimas &hellip;<\/p>\n","protected":false},"author":1,"featured_media":6964,"comment_status":"open","ping_status":"open","sticky":false,"template":"","format":"standard","meta":{"_jetpack_newsletter_access":"","_jetpack_dont_email_post_to_subs":false,"_jetpack_newsletter_tier_id":0,"_jetpack_memberships_contains_paywalled_content":false,"_jetpack_memberships_contains_paid_content":false,"footnotes":""},"categories":[1],"tags":[],"class_list":["post-6962","post","type-post","status-publish","format-standard","has-post-thumbnail","hentry","category-destaque"],"jetpack_sharing_enabled":true,"jetpack_featured_media_url":"","_links":{"self":[{"href":"https:\/\/www.oparanews.com.br\/index.php\/wp-json\/wp\/v2\/posts\/6962","targetHints":{"allow":["GET"]}}],"collection":[{"href":"https:\/\/www.oparanews.com.br\/index.php\/wp-json\/wp\/v2\/posts"}],"about":[{"href":"https:\/\/www.oparanews.com.br\/index.php\/wp-json\/wp\/v2\/types\/post"}],"author":[{"embeddable":true,"href":"https:\/\/www.oparanews.com.br\/index.php\/wp-json\/wp\/v2\/users\/1"}],"replies":[{"embeddable":true,"href":"https:\/\/www.oparanews.com.br\/index.php\/wp-json\/wp\/v2\/comments?post=6962"}],"version-history":[{"count":0,"href":"https:\/\/www.oparanews.com.br\/index.php\/wp-json\/wp\/v2\/posts\/6962\/revisions"}],"wp:attachment":[{"href":"https:\/\/www.oparanews.com.br\/index.php\/wp-json\/wp\/v2\/media?parent=6962"}],"wp:term":[{"taxonomy":"category","embeddable":true,"href":"https:\/\/www.oparanews.com.br\/index.php\/wp-json\/wp\/v2\/categories?post=6962"},{"taxonomy":"post_tag","embeddable":true,"href":"https:\/\/www.oparanews.com.br\/index.php\/wp-json\/wp\/v2\/tags?post=6962"}],"curies":[{"name":"wp","href":"https:\/\/api.w.org\/{rel}","templated":true}]}}