{"id":6973,"date":"2020-06-03T00:57:42","date_gmt":"2020-06-03T00:57:42","guid":{"rendered":"https:\/\/oparanews.com.br\/?p=6973"},"modified":"2020-06-03T00:57:42","modified_gmt":"2020-06-03T00:57:42","slug":"vazamento-de-dados-pessoais-e-intimidacao-diz-bolsonaro","status":"publish","type":"post","link":"https:\/\/www.oparanews.com.br\/index.php\/2020\/06\/03\/vazamento-de-dados-pessoais-e-intimidacao-diz-bolsonaro\/","title":{"rendered":"Vazamento de dados pessoais \u00e9 &#8220;intimida\u00e7\u00e3o&#8221;, diz Bolsonaro"},"content":{"rendered":"<p>O presidente Jair Bolsonaro afirmou nesta ter\u00e7a-feira (2) que a divulga\u00e7\u00e3o de seus dados pelo movimento hacktivista Anonymous Brasil \u00e9 uma &#8220;clara medida de intimida\u00e7\u00e3o&#8221; do grupo. &#8220;Medidas legais est\u00e3o em andamento, para que tais crimes, n\u00e3o passem impunes&#8221;, disse Bolsonaro pelo Facebook.<\/p>\n<p>&#8220;Em clara medida de intimida\u00e7\u00e3o o movimento hacktivista &#8216;Anonymous Brasil&#8217; divulgou, em conta do Twitter, dados do Presidente da Rep\u00fablica e familiares. Medidas legais est\u00e3o em andamento, para que tais crimes, n\u00e3o passem impunes&#8221;, afirma o presidente no texto.<\/p>\n<p>Mais cedo, o ministro da Justi\u00e7a e Seguran\u00e7a P\u00fablica, Andr\u00e9 Mendon\u00e7a, informou que solicitou abertura de inqu\u00e9rito \u00e0 Pol\u00edcia Federal para investigar o vazamento de informa\u00e7\u00f5es cadastrais e patrimoniais do presidente, de seus familiares e demais autoridades.<\/p>\n<p>&#8220;As investiga\u00e7\u00f5es devem apurar crimes previstos no C\u00f3digo Penal, na Lei de Seguran\u00e7a Nacional e na Lei das Organiza\u00e7\u00f5es Criminosas&#8221;, declarou o ministro da Justi\u00e7a em nota.<\/p>\n<p>A divulga\u00e7\u00e3o dos dados ocorreu na noite desta segunda, 1\u00ba, em perfis no Twitter que dizem ser ligados ao grupo hacker Anonymous. Al\u00e9m de Bolsonaro, supostos dados de seus filhos Carlos, Eduardo e Fl\u00e1vio, al\u00e9m de integrantes do governo como os ministros Damares Alves (Mulher, Fam\u00edlia e Direitos Humanos) e Abraham Weintraub (Educa\u00e7\u00e3o), tiveram dados expostos. Uma das contas que vazou os dados foi suspensa minutos depois e o site onde estavam armazenadas as informa\u00e7\u00f5es saiu do ar.<\/p>\n<p>A Anonymous atua em outros pa\u00edses e ressurgiu no \u00faltimo domingo, 31, ap\u00f3s desdobramentos do caso de George Floyd, homem negro assassinado durante uma abordagem policial nos Estados Unidos. A conta que vazou supostos dados de autoridades brasileiras nesta segunda, 1\u00ba, estava sem publicar no Twitter desde outubro de 2018. No \u00faltimo domingo, 31, anunciou a volta.<\/p>\n<p>&nbsp;<\/p>\n<p><strong>Fonte: Terra<\/strong><\/p>\n<p>&nbsp;<\/p>\n","protected":false},"excerpt":{"rendered":"<p>O presidente Jair Bolsonaro afirmou nesta ter\u00e7a-feira (2) que a divulga\u00e7\u00e3o de seus dados pelo movimento hacktivista Anonymous Brasil \u00e9 uma &#8220;clara medida de intimida\u00e7\u00e3o&#8221; do grupo. &#8220;Medidas legais est\u00e3o em andamento, para que tais crimes, n\u00e3o passem impunes&#8221;, disse Bolsonaro pelo Facebook. &#8220;Em clara medida de intimida\u00e7\u00e3o o movimento hacktivista &#8216;Anonymous Brasil&#8217; divulgou, em &hellip;<\/p>\n","protected":false},"author":1,"featured_media":6974,"comment_status":"open","ping_status":"open","sticky":false,"template":"","format":"standard","meta":{"_jetpack_newsletter_access":"","_jetpack_dont_email_post_to_subs":false,"_jetpack_newsletter_tier_id":0,"_jetpack_memberships_contains_paywalled_content":false,"_jetpack_memberships_contains_paid_content":false,"footnotes":""},"categories":[1],"tags":[],"class_list":["post-6973","post","type-post","status-publish","format-standard","has-post-thumbnail","hentry","category-destaque"],"jetpack_sharing_enabled":true,"jetpack_featured_media_url":"","_links":{"self":[{"href":"https:\/\/www.oparanews.com.br\/index.php\/wp-json\/wp\/v2\/posts\/6973","targetHints":{"allow":["GET"]}}],"collection":[{"href":"https:\/\/www.oparanews.com.br\/index.php\/wp-json\/wp\/v2\/posts"}],"about":[{"href":"https:\/\/www.oparanews.com.br\/index.php\/wp-json\/wp\/v2\/types\/post"}],"author":[{"embeddable":true,"href":"https:\/\/www.oparanews.com.br\/index.php\/wp-json\/wp\/v2\/users\/1"}],"replies":[{"embeddable":true,"href":"https:\/\/www.oparanews.com.br\/index.php\/wp-json\/wp\/v2\/comments?post=6973"}],"version-history":[{"count":0,"href":"https:\/\/www.oparanews.com.br\/index.php\/wp-json\/wp\/v2\/posts\/6973\/revisions"}],"wp:attachment":[{"href":"https:\/\/www.oparanews.com.br\/index.php\/wp-json\/wp\/v2\/media?parent=6973"}],"wp:term":[{"taxonomy":"category","embeddable":true,"href":"https:\/\/www.oparanews.com.br\/index.php\/wp-json\/wp\/v2\/categories?post=6973"},{"taxonomy":"post_tag","embeddable":true,"href":"https:\/\/www.oparanews.com.br\/index.php\/wp-json\/wp\/v2\/tags?post=6973"}],"curies":[{"name":"wp","href":"https:\/\/api.w.org\/{rel}","templated":true}]}}