{"id":6979,"date":"2020-06-03T01:04:25","date_gmt":"2020-06-03T01:04:25","guid":{"rendered":"https:\/\/oparanews.com.br\/?p=6979"},"modified":"2020-06-03T01:04:25","modified_gmt":"2020-06-03T01:04:25","slug":"idolo-do-corinthians-ralf-testa-positivo-para-covid-19","status":"publish","type":"post","link":"https:\/\/www.oparanews.com.br\/index.php\/2020\/06\/03\/idolo-do-corinthians-ralf-testa-positivo-para-covid-19\/","title":{"rendered":"\u00cddolo do Corinthians, Ralf testa positivo para covid-19"},"content":{"rendered":"<p>Principal refor\u00e7o do Ava\u00ed para a sequ\u00eancia da temporada, o volante Ralf, que marcou \u00e9poca no Corinthians, testou positivo para a covid-19 nos testes que fez na apresenta\u00e7\u00e3o ao clube catarinense.<\/p>\n<p>O jogador teve relatada a presen\u00e7a de anticorpos no teste sorol\u00f3gico, indicando que j\u00e1 contraiu a doen\u00e7a e passou por um quadro assintom\u00e1tico.<\/p>\n<p>Isso, no entanto, n\u00e3o impediu que Ralf fosse integrado ao grupo de jogadores que deu in\u00edcio aos treinamentos f\u00edsicos. O atleta treinou normalmente na academia da Ressacada, respeitando os protocolos de seguran\u00e7a previstos ap\u00f3s a libera\u00e7\u00e3o da prefeitura de Florian\u00f3polis.<\/p>\n<p>Apesar dos retornos aos treinamentos presenciais, ainda n\u00e3o h\u00e1 data para a retomada do Campeonato Catarinense, pelo qual o Ava\u00ed enfrenta a Chapecoense nas quartas de final.<\/p>\n<p>O principal objetivo do clube, no entanto, \u00e9 a S\u00e9rie B do Campeonato Brasileiro, tamb\u00e9m sem data para se iniciar. Rebaixado no ano passado, o Ava\u00ed tem como prioridade o retorno \u00e0 elite do futebol nacional.<\/p>\n<p>&nbsp;<\/p>\n<p><strong>Fonte: Terra<\/strong><\/p>\n<p>&nbsp;<\/p>\n","protected":false},"excerpt":{"rendered":"<p>Principal refor\u00e7o do Ava\u00ed para a sequ\u00eancia da temporada, o volante Ralf, que marcou \u00e9poca no Corinthians, testou positivo para a covid-19 nos testes que fez na apresenta\u00e7\u00e3o ao clube catarinense. O jogador teve relatada a presen\u00e7a de anticorpos no teste sorol\u00f3gico, indicando que j\u00e1 contraiu a doen\u00e7a e passou por um quadro assintom\u00e1tico. Isso, &hellip;<\/p>\n","protected":false},"author":1,"featured_media":6980,"comment_status":"open","ping_status":"open","sticky":false,"template":"","format":"standard","meta":{"_jetpack_newsletter_access":"","_jetpack_dont_email_post_to_subs":false,"_jetpack_newsletter_tier_id":0,"_jetpack_memberships_contains_paywalled_content":false,"_jetpack_memberships_contains_paid_content":false,"footnotes":""},"categories":[1],"tags":[],"class_list":["post-6979","post","type-post","status-publish","format-standard","has-post-thumbnail","hentry","category-destaque"],"jetpack_sharing_enabled":true,"jetpack_featured_media_url":"","_links":{"self":[{"href":"https:\/\/www.oparanews.com.br\/index.php\/wp-json\/wp\/v2\/posts\/6979","targetHints":{"allow":["GET"]}}],"collection":[{"href":"https:\/\/www.oparanews.com.br\/index.php\/wp-json\/wp\/v2\/posts"}],"about":[{"href":"https:\/\/www.oparanews.com.br\/index.php\/wp-json\/wp\/v2\/types\/post"}],"author":[{"embeddable":true,"href":"https:\/\/www.oparanews.com.br\/index.php\/wp-json\/wp\/v2\/users\/1"}],"replies":[{"embeddable":true,"href":"https:\/\/www.oparanews.com.br\/index.php\/wp-json\/wp\/v2\/comments?post=6979"}],"version-history":[{"count":0,"href":"https:\/\/www.oparanews.com.br\/index.php\/wp-json\/wp\/v2\/posts\/6979\/revisions"}],"wp:attachment":[{"href":"https:\/\/www.oparanews.com.br\/index.php\/wp-json\/wp\/v2\/media?parent=6979"}],"wp:term":[{"taxonomy":"category","embeddable":true,"href":"https:\/\/www.oparanews.com.br\/index.php\/wp-json\/wp\/v2\/categories?post=6979"},{"taxonomy":"post_tag","embeddable":true,"href":"https:\/\/www.oparanews.com.br\/index.php\/wp-json\/wp\/v2\/tags?post=6979"}],"curies":[{"name":"wp","href":"https:\/\/api.w.org\/{rel}","templated":true}]}}