{"id":6986,"date":"2020-06-03T01:09:41","date_gmt":"2020-06-03T01:09:41","guid":{"rendered":"https:\/\/oparanews.com.br\/?p=6986"},"modified":"2020-06-03T01:09:41","modified_gmt":"2020-06-03T01:09:41","slug":"pele-adere-a-campanha-em-protesto-contra-o-racismo","status":"publish","type":"post","link":"https:\/\/www.oparanews.com.br\/index.php\/2020\/06\/03\/pele-adere-a-campanha-em-protesto-contra-o-racismo\/","title":{"rendered":"Pel\u00e9 adere \u00e0 campanha em protesto contra o racismo"},"content":{"rendered":"<p>Maior nome da hist\u00f3ria do futebol, Pel\u00e9 aderiu nesta ter\u00e7a-feira \u00e0 iniciativa #BlackOutTuesday, que pede um momento de reflex\u00e3o e protesto contra o racismo. A ideia surgiu ap\u00f3s o assassinato de George Floyd, um homem negro de 40 anos, em Minneapolis, nos Estados Unidos, em 25 de maio.<\/p>\n<p>Pel\u00e9 participou da a\u00e7\u00e3o ao publicar uma imagem toda preta em seu perfil no Instagram, seguindo as instru\u00e7\u00f5es dos organizadores do movimento, que pedem para que nenhuma outra atividade seja realizada nas redes sociais nesta ter\u00e7a-feira.<\/p>\n<p>A iniciativa, liderada por estrelas da ind\u00fastria musical, contou com a participa\u00e7\u00e3o de outras importantes personalidades do esporte, como os ex-boxeadores Mike Tyson e Evander Holyfield, o ex-velocista Usain Bolt, os jogadores de basquete LeBron James e Stephen Curry e a tenista Naomi Osaka, a atleta mais bem paga do mundo em 2019. O atacante Neymar tamb\u00e9m protestou contra o racismo nesta ter\u00e7a-feira.<\/p>\n<p>&#8220;2 de junho de 2020. Sem postagens nas redes sociais. Somente postem uma imagem toda preta em todas as plataformas. Suspendam todas as transmiss\u00f5es em todas as plataformas de m\u00fasica e no YouTube por um dia. Cancelem, encerrem, suspendam as participa\u00e7\u00f5es em est\u00fadios de dan\u00e7a, classes e reuni\u00f5es. Encontrem maneiras de ajudar sua comunidade. Reforce seu conhecimento sobre as rela\u00e7\u00f5es raciais contempor\u00e2neas e a hist\u00f3ria s\u00f3cio-pol\u00edtica e econ\u00f4mica dos negros nos Estados Unidos #VidasNegrasImportam #OShowPrecisaSerPausado&#8221;, escreveu Osaka em seu perfil no Instagram.<\/p>\n<p>Os protestos contra o racismo est\u00e3o acontecendo com intensidade ap\u00f3s o assassinato do ex-seguran\u00e7a negro por um policial branco. A morte de Floyd causou uma s\u00e9rie de manifesta\u00e7\u00f5es em todo o territ\u00f3rio norte-americano. O oficial Derek Chauvin ficou durante 8 minutos e 46 segundos pressionando o pesco\u00e7o do homem negro de 40 anos com o joelho. Imagens foram divulgadas e o policial acabou demitido, acusado de assassinato e homic\u00eddio culposo (quando n\u00e3o tem a inten\u00e7\u00e3o de matar).<\/p>\n<p>&nbsp;<\/p>\n<p><strong>Fonte: Terra<\/strong><\/p>\n<p>&nbsp;<\/p>\n","protected":false},"excerpt":{"rendered":"<p>Maior nome da hist\u00f3ria do futebol, Pel\u00e9 aderiu nesta ter\u00e7a-feira \u00e0 iniciativa #BlackOutTuesday, que pede um momento de reflex\u00e3o e protesto contra o racismo. A ideia surgiu ap\u00f3s o assassinato de George Floyd, um homem negro de 40 anos, em Minneapolis, nos Estados Unidos, em 25 de maio. Pel\u00e9 participou da a\u00e7\u00e3o ao publicar uma &hellip;<\/p>\n","protected":false},"author":1,"featured_media":6987,"comment_status":"open","ping_status":"open","sticky":false,"template":"","format":"standard","meta":{"_jetpack_newsletter_access":"","_jetpack_dont_email_post_to_subs":false,"_jetpack_newsletter_tier_id":0,"_jetpack_memberships_contains_paywalled_content":false,"_jetpack_memberships_contains_paid_content":false,"footnotes":""},"categories":[1],"tags":[],"class_list":["post-6986","post","type-post","status-publish","format-standard","has-post-thumbnail","hentry","category-destaque"],"jetpack_sharing_enabled":true,"jetpack_featured_media_url":"","_links":{"self":[{"href":"https:\/\/www.oparanews.com.br\/index.php\/wp-json\/wp\/v2\/posts\/6986","targetHints":{"allow":["GET"]}}],"collection":[{"href":"https:\/\/www.oparanews.com.br\/index.php\/wp-json\/wp\/v2\/posts"}],"about":[{"href":"https:\/\/www.oparanews.com.br\/index.php\/wp-json\/wp\/v2\/types\/post"}],"author":[{"embeddable":true,"href":"https:\/\/www.oparanews.com.br\/index.php\/wp-json\/wp\/v2\/users\/1"}],"replies":[{"embeddable":true,"href":"https:\/\/www.oparanews.com.br\/index.php\/wp-json\/wp\/v2\/comments?post=6986"}],"version-history":[{"count":0,"href":"https:\/\/www.oparanews.com.br\/index.php\/wp-json\/wp\/v2\/posts\/6986\/revisions"}],"wp:attachment":[{"href":"https:\/\/www.oparanews.com.br\/index.php\/wp-json\/wp\/v2\/media?parent=6986"}],"wp:term":[{"taxonomy":"category","embeddable":true,"href":"https:\/\/www.oparanews.com.br\/index.php\/wp-json\/wp\/v2\/categories?post=6986"},{"taxonomy":"post_tag","embeddable":true,"href":"https:\/\/www.oparanews.com.br\/index.php\/wp-json\/wp\/v2\/tags?post=6986"}],"curies":[{"name":"wp","href":"https:\/\/api.w.org\/{rel}","templated":true}]}}