{"id":6989,"date":"2020-06-03T12:30:46","date_gmt":"2020-06-03T12:30:46","guid":{"rendered":"https:\/\/oparanews.com.br\/?p=6989"},"modified":"2020-06-03T12:30:46","modified_gmt":"2020-06-03T12:30:46","slug":"ex-bbb-gyselle-conta-como-foi-beijo-em-pedro-bial","status":"publish","type":"post","link":"https:\/\/www.oparanews.com.br\/index.php\/2020\/06\/03\/ex-bbb-gyselle-conta-como-foi-beijo-em-pedro-bial\/","title":{"rendered":"Ex-BBB Gyselle conta como foi beijo em Pedro Bial"},"content":{"rendered":"<p>Recentemente, Gyselle Soares, que participou da 8\u00aa edi\u00e7\u00e3o do Big Broher Brasil, afirmou em entrevista a apresentadora Lisa Gomes que j\u00e1 ficou com Pedro Bial. Em entrevista ao UOL, ela voltou a comentar sobre o beijo no jornalista, que j\u00e1 foi apresentador do BBB.<\/p>\n<p>\u201cDepois que eu voltei para a Europa, em 2010, fiquei quatro anos trabalhando l\u00e1. Consegui fazer o meu primeiro filme franc\u00eas e, nas f\u00e9rias da grava\u00e7\u00e3o, em 2012, voltei ao Brasil\u201d, disse.<\/p>\n<p>A gente se encontrou por acaso em um restaurante muito importante do Rio de Janeiro. Ali teve um climinha, mas n\u00e3o foi nada de mais, foi s\u00f3 um beijo. Fiquei muito feliz de encontrar o Bial, porque acho ele o m\u00e1ximo\u201d, completou.<\/p>\n<p>Ainda na entrevista, Gyselle comentou tamb\u00e9m sobre o apelido que Bial deu a ela no programa, de Caju\u00edna, bebida t\u00edpica do Piau\u00ed, estado onde a ex-BBB nasceu.<\/p>\n<p>\u201cSempre tive um carinho muito grande pelo Bial, \u00e9 uma pessoa maravilhosa. Ele sempre me tratou com muito carinho, me deu o apelido de Caju\u00edna porque, na \u00e9poca, eu morava fora do Brasil, nem conhecia essa bebida t\u00edpica do Piau\u00ed. Teve um la\u00e7o de carinho e amizade imediato ali, no programa\u201d, afirmou.<\/p>\n<p>&nbsp;<\/p>\n<p><strong>Fonte: MSN<\/strong><\/p>\n<p>&nbsp;<\/p>\n","protected":false},"excerpt":{"rendered":"<p>Recentemente, Gyselle Soares, que participou da 8\u00aa edi\u00e7\u00e3o do Big Broher Brasil, afirmou em entrevista a apresentadora Lisa Gomes que j\u00e1 ficou com Pedro Bial. Em entrevista ao UOL, ela voltou a comentar sobre o beijo no jornalista, que j\u00e1 foi apresentador do BBB. \u201cDepois que eu voltei para a Europa, em 2010, fiquei quatro &hellip;<\/p>\n","protected":false},"author":1,"featured_media":6990,"comment_status":"open","ping_status":"open","sticky":false,"template":"","format":"standard","meta":{"_jetpack_newsletter_access":"","_jetpack_dont_email_post_to_subs":false,"_jetpack_newsletter_tier_id":0,"_jetpack_memberships_contains_paywalled_content":false,"_jetpack_memberships_contains_paid_content":false,"footnotes":""},"categories":[1],"tags":[],"class_list":["post-6989","post","type-post","status-publish","format-standard","has-post-thumbnail","hentry","category-destaque"],"jetpack_sharing_enabled":true,"jetpack_featured_media_url":"","_links":{"self":[{"href":"https:\/\/www.oparanews.com.br\/index.php\/wp-json\/wp\/v2\/posts\/6989","targetHints":{"allow":["GET"]}}],"collection":[{"href":"https:\/\/www.oparanews.com.br\/index.php\/wp-json\/wp\/v2\/posts"}],"about":[{"href":"https:\/\/www.oparanews.com.br\/index.php\/wp-json\/wp\/v2\/types\/post"}],"author":[{"embeddable":true,"href":"https:\/\/www.oparanews.com.br\/index.php\/wp-json\/wp\/v2\/users\/1"}],"replies":[{"embeddable":true,"href":"https:\/\/www.oparanews.com.br\/index.php\/wp-json\/wp\/v2\/comments?post=6989"}],"version-history":[{"count":0,"href":"https:\/\/www.oparanews.com.br\/index.php\/wp-json\/wp\/v2\/posts\/6989\/revisions"}],"wp:attachment":[{"href":"https:\/\/www.oparanews.com.br\/index.php\/wp-json\/wp\/v2\/media?parent=6989"}],"wp:term":[{"taxonomy":"category","embeddable":true,"href":"https:\/\/www.oparanews.com.br\/index.php\/wp-json\/wp\/v2\/categories?post=6989"},{"taxonomy":"post_tag","embeddable":true,"href":"https:\/\/www.oparanews.com.br\/index.php\/wp-json\/wp\/v2\/tags?post=6989"}],"curies":[{"name":"wp","href":"https:\/\/api.w.org\/{rel}","templated":true}]}}