{"id":6992,"date":"2020-06-03T12:34:31","date_gmt":"2020-06-03T12:34:31","guid":{"rendered":"https:\/\/oparanews.com.br\/?p=6992"},"modified":"2020-06-03T12:34:31","modified_gmt":"2020-06-03T12:34:31","slug":"acho-que-o-virus-veio-como-um-castigo-celeste","status":"publish","type":"post","link":"https:\/\/www.oparanews.com.br\/index.php\/2020\/06\/03\/acho-que-o-virus-veio-como-um-castigo-celeste\/","title":{"rendered":"\u2018Acho que o v\u00edrus veio como um castigo celeste\u2019"},"content":{"rendered":"<p>O que Fernanda Montenegro est\u00e1 pensando da fase tenebrosa que o pa\u00eds \u2013 e o mundo \u2013 est\u00e1 passando? Quais suas expectativas para quando a pandemia do coronav\u00edrus acabar? A atriz est\u00e1 em quarentena com a fam\u00edlia, em Petr\u00f3polis, e deu seu primeiro depoimento durante o isolamento l\u00e1 mesmo, no s\u00edtio, para o genro, o cineasta Andrucha Waddington. A entrevista para o Canal Brasil ser\u00e1 exibida em duas edi\u00e7\u00f5es do \u201cCinejornal\u201d: a primeira delas nesta ter\u00e7a-feira (2), \u00e0s 21h50, e a segunda na quinta-feira (4), \u00e0s 19h45.<\/p>\n<p>Fernanda conta como est\u00e1 lidando com a rotina at\u00edpica e, quando perguntada sobre o futuro dos artistas e das artes, desabafa: \u201cN\u00e3o sei, s\u00f3 sei que n\u00e3o vou me acalmar. Se eu ainda tiver racioc\u00ednio e for\u00e7a, estarei em a\u00e7\u00e3o. \u00c9 uma ambi\u00e7\u00e3o minha\u201d. Durante o papo, ela refor\u00e7a a import\u00e2ncia das artes e diz que n\u00e3o existe sociedade sem artista. \u201cSem a cultura das artes, n\u00e3o existe pa\u00eds. Estamos vivendo uma hora muito desbaratinada. N\u00e3o temos perfil, estamos jogados fora\u201d, explica a entrevistada. VEJA RIO teve acesso \u00e0 entrevista e selecionou alguns bons momentos da conversa:<\/p>\n<p><strong>Andrucha: Como est\u00e1 lidando com a quarentena?<\/strong><\/p>\n<p>Fernanda: A cada dia vem a resposta de que \u00e9 mais um m\u00eas, e outro m\u00eas. De estar aparecendo uma vacina l\u00e1 para setembro, outubro. J\u00e1 estamos h\u00e1 dois meses aqui em Petr\u00f3polis. Estamos tentando, cada um de n\u00f3s, a seu modo, criar alguma coisa pela internet. Algum di\u00e1logo, algum trecho, poema. Enfim, a gente tem que come\u00e7ar a produzir dentro desse sistema terr\u00edvel e tr\u00e1gico no qual a gente est\u00e1 vivendo. E, tamb\u00e9m, h\u00e1 um sentimento de culpa, porque alguns de n\u00f3s, por exemplo, como eu, est\u00e1 aqui, em uma casa. Gra\u00e7as a Deus. Mas a maioria n\u00e3o tem. E n\u00e3o porque a gente n\u00e3o pague todos os impostos que tem que pagar, n\u00e3o que a gente n\u00e3o tente dar o voto da gente para um pol\u00edtico que a gente acredita que vai resolver muita coisa da nossa vida. Passam-se os anos e ningu\u00e9m resolve nada, continuamos com milh\u00f5es de desempregados. Isso antes do v\u00edrus. Eu acho que o v\u00edrus veio como um castigo celeste, uma coisa b\u00edblica. Enfim, \u00e9 dif\u00edcil falar sem a gente se envolver tamb\u00e9m do ponto de vista social, humano. N\u00e3o sei, mas \u00e9 isso, a gente tem que esperar passar isso. \u00c9 como se fosse um dil\u00favio, essa barca tem que chegar a algum lugar. Dever\u00e1 chegar. E que chegue com um pouco mais de justi\u00e7a social, por exemplo.<\/p>\n<p><strong>Andrucha: Qual o futuro das salas de cinema?<\/strong><\/p>\n<p>Fernanda: N\u00f3s deveremos renascer, as salas v\u00e3o renascer. Tenho quase um s\u00e9culo de vida, sou de um tempo em que o cinema, o pr\u00e9dio, a sala, mudava de programa\u00e7\u00e3o tr\u00eas vezes por semana e lotava. H\u00e1 uma outra era de ci\u00eancia e tecnologia. N\u00f3s fazemos parte dessa transi\u00e7\u00e3o, a nossa \u00e9poca faz parte dessa transi\u00e7\u00e3o. Ent\u00e3o, deveremos sim encontrar uma outra linguagem, uma outra maneira da gente se fazer conhecer atrav\u00e9s dessa arte cinematogr\u00e1fica.<\/p>\n<p><strong>Andrucha: O que devemos fazer diante dessa crise?<\/strong><\/p>\n<p>Fernanda: N\u00e3o podemos sentar. N\u00e3o \u00e9 s\u00f3 uma esperan\u00e7a votiva, tem que ser uma esperan\u00e7a ativa. Somos vocacionados. N\u00e3o sabemos como resolver isso, a n\u00e3o ser indo a luta. Ent\u00e3o, o que for, de que maneira for, buscando a linguagem que for. E, tudo passa, tamb\u00e9m. Essa trag\u00e9dia vai passar. O que estamos vivendo n\u00e3o \u00e9 s\u00f3 um v\u00edrus, estamos vivendo diversos v\u00edrus. E, talvez, o maior seja o v\u00edrus titular. Entenda quem quiser.<\/p>\n<p>&nbsp;<\/p>\n<p><strong>Fonte: Veja Rio<\/strong><\/p>\n<p>&nbsp;<\/p>\n","protected":false},"excerpt":{"rendered":"<p>O que Fernanda Montenegro est\u00e1 pensando da fase tenebrosa que o pa\u00eds \u2013 e o mundo \u2013 est\u00e1 passando? Quais suas expectativas para quando a pandemia do coronav\u00edrus acabar? A atriz est\u00e1 em quarentena com a fam\u00edlia, em Petr\u00f3polis, e deu seu primeiro depoimento durante o isolamento l\u00e1 mesmo, no s\u00edtio, para o genro, o &hellip;<\/p>\n","protected":false},"author":1,"featured_media":6993,"comment_status":"open","ping_status":"open","sticky":false,"template":"","format":"standard","meta":{"_jetpack_newsletter_access":"","_jetpack_dont_email_post_to_subs":false,"_jetpack_newsletter_tier_id":0,"_jetpack_memberships_contains_paywalled_content":false,"_jetpack_memberships_contains_paid_content":false,"footnotes":""},"categories":[1],"tags":[],"class_list":["post-6992","post","type-post","status-publish","format-standard","has-post-thumbnail","hentry","category-destaque"],"jetpack_sharing_enabled":true,"jetpack_featured_media_url":"","_links":{"self":[{"href":"https:\/\/www.oparanews.com.br\/index.php\/wp-json\/wp\/v2\/posts\/6992","targetHints":{"allow":["GET"]}}],"collection":[{"href":"https:\/\/www.oparanews.com.br\/index.php\/wp-json\/wp\/v2\/posts"}],"about":[{"href":"https:\/\/www.oparanews.com.br\/index.php\/wp-json\/wp\/v2\/types\/post"}],"author":[{"embeddable":true,"href":"https:\/\/www.oparanews.com.br\/index.php\/wp-json\/wp\/v2\/users\/1"}],"replies":[{"embeddable":true,"href":"https:\/\/www.oparanews.com.br\/index.php\/wp-json\/wp\/v2\/comments?post=6992"}],"version-history":[{"count":0,"href":"https:\/\/www.oparanews.com.br\/index.php\/wp-json\/wp\/v2\/posts\/6992\/revisions"}],"wp:attachment":[{"href":"https:\/\/www.oparanews.com.br\/index.php\/wp-json\/wp\/v2\/media?parent=6992"}],"wp:term":[{"taxonomy":"category","embeddable":true,"href":"https:\/\/www.oparanews.com.br\/index.php\/wp-json\/wp\/v2\/categories?post=6992"},{"taxonomy":"post_tag","embeddable":true,"href":"https:\/\/www.oparanews.com.br\/index.php\/wp-json\/wp\/v2\/tags?post=6992"}],"curies":[{"name":"wp","href":"https:\/\/api.w.org\/{rel}","templated":true}]}}