{"id":6995,"date":"2020-06-03T12:36:40","date_gmt":"2020-06-03T12:36:40","guid":{"rendered":"https:\/\/oparanews.com.br\/?p=6995"},"modified":"2020-06-03T12:36:40","modified_gmt":"2020-06-03T12:36:40","slug":"globo-explica-ausencia-de-renata-vasconcellos-do-jornal-nacional","status":"publish","type":"post","link":"https:\/\/www.oparanews.com.br\/index.php\/2020\/06\/03\/globo-explica-ausencia-de-renata-vasconcellos-do-jornal-nacional\/","title":{"rendered":"Globo explica aus\u00eancia de Renata Vasconcellos do Jornal Nacional"},"content":{"rendered":"<p>A TV Globo explicou, nesta ter\u00e7a-feira, 2, a aus\u00eancia da jornalista Renata Vasconcellos da bancada do Jornal Nacional, desde ontem. A emissora informou o afastamento ap\u00f3s os telespectadores especularem o motivo nas redes sociais.<\/p>\n<p>Segundo a Globo, a jornalista pediu o afastamento por motivos pessoais, mas n\u00e3o quis divulgar quais seriam esses problemas.<\/p>\n<p>A assessoria da emissora informou que \u201cRenata Vasconcellos est\u00e1 bem, n\u00e3o apresentou o JN por uma quest\u00e3o pessoal e, em breve, retorna ao jornal\u201d.<\/p>\n<p>Na aus\u00eancia de Renata Vasconcellos, Mariana Gross apresentou o Jornal Nacional ao lado de William Bonner.<\/p>\n<p>\u00c9 comum que os apresentadores da casa avisem quando estar\u00e3o ausentes, se n\u00e3o for algo urgente. Sem o aviso pr\u00e9vio, a web especulou o que teria levado Renata a se ausentar do principal telejornal da TV Globo.<\/p>\n<p>A equipe de comunica\u00e7\u00e3o da TV Globo informou ao UOL que a aus\u00eancia da jornalista n\u00e3o tem rela\u00e7\u00e3o com covid-19.<\/p>\n<p>&nbsp;<\/p>\n<p><strong>Fonte: MSN com Catraca Livre<\/strong><\/p>\n<p>&nbsp;<\/p>\n","protected":false},"excerpt":{"rendered":"<p>A TV Globo explicou, nesta ter\u00e7a-feira, 2, a aus\u00eancia da jornalista Renata Vasconcellos da bancada do Jornal Nacional, desde ontem. A emissora informou o afastamento ap\u00f3s os telespectadores especularem o motivo nas redes sociais. Segundo a Globo, a jornalista pediu o afastamento por motivos pessoais, mas n\u00e3o quis divulgar quais seriam esses problemas. A assessoria &hellip;<\/p>\n","protected":false},"author":1,"featured_media":6996,"comment_status":"open","ping_status":"open","sticky":false,"template":"","format":"standard","meta":{"_jetpack_newsletter_access":"","_jetpack_dont_email_post_to_subs":false,"_jetpack_newsletter_tier_id":0,"_jetpack_memberships_contains_paywalled_content":false,"_jetpack_memberships_contains_paid_content":false,"footnotes":""},"categories":[1],"tags":[],"class_list":["post-6995","post","type-post","status-publish","format-standard","has-post-thumbnail","hentry","category-destaque"],"jetpack_sharing_enabled":true,"jetpack_featured_media_url":"","_links":{"self":[{"href":"https:\/\/www.oparanews.com.br\/index.php\/wp-json\/wp\/v2\/posts\/6995","targetHints":{"allow":["GET"]}}],"collection":[{"href":"https:\/\/www.oparanews.com.br\/index.php\/wp-json\/wp\/v2\/posts"}],"about":[{"href":"https:\/\/www.oparanews.com.br\/index.php\/wp-json\/wp\/v2\/types\/post"}],"author":[{"embeddable":true,"href":"https:\/\/www.oparanews.com.br\/index.php\/wp-json\/wp\/v2\/users\/1"}],"replies":[{"embeddable":true,"href":"https:\/\/www.oparanews.com.br\/index.php\/wp-json\/wp\/v2\/comments?post=6995"}],"version-history":[{"count":0,"href":"https:\/\/www.oparanews.com.br\/index.php\/wp-json\/wp\/v2\/posts\/6995\/revisions"}],"wp:attachment":[{"href":"https:\/\/www.oparanews.com.br\/index.php\/wp-json\/wp\/v2\/media?parent=6995"}],"wp:term":[{"taxonomy":"category","embeddable":true,"href":"https:\/\/www.oparanews.com.br\/index.php\/wp-json\/wp\/v2\/categories?post=6995"},{"taxonomy":"post_tag","embeddable":true,"href":"https:\/\/www.oparanews.com.br\/index.php\/wp-json\/wp\/v2\/tags?post=6995"}],"curies":[{"name":"wp","href":"https:\/\/api.w.org\/{rel}","templated":true}]}}