{"id":7001,"date":"2020-06-03T14:37:38","date_gmt":"2020-06-03T14:37:38","guid":{"rendered":"https:\/\/oparanews.com.br\/?p=7001"},"modified":"2020-06-03T14:37:38","modified_gmt":"2020-06-03T14:37:38","slug":"secretaria-de-saude-de-penedo-atinge-meta-da-vacinacao-contra-gripe-influenza","status":"publish","type":"post","link":"https:\/\/www.oparanews.com.br\/index.php\/2020\/06\/03\/secretaria-de-saude-de-penedo-atinge-meta-da-vacinacao-contra-gripe-influenza\/","title":{"rendered":"Secretaria de Sa\u00fade de Penedo atinge meta da vacina\u00e7\u00e3o contra Gripe Influenza"},"content":{"rendered":"<p>A campanha de vacina\u00e7\u00e3o contra a Gripe Influenza foi prorrogada pelo Minist\u00e9rio da Sa\u00fade at\u00e9 o final de junho, mas Penedo j\u00e1 atingiu a meta estabelecida pelo governo federal. Mais de 90% (92,44%) de todo o p\u00fablico priorit\u00e1rio residente no munic\u00edpio j\u00e1 est\u00e1 imunizado<\/p>\n<p>Apesar de at\u00e9 ultrapassar o \u00edndice geral da campanha contra o v\u00edrus que pode ser letal, ainda resta vacinar pessoas de tr\u00eas grupos priorit\u00e1rios em Penedo: adultos da faixa et\u00e1ria de 55 a 59 anos, gestantes e crian\u00e7as de 06 meses at\u00e9 seis anos de vida.<\/p>\n<p>Das tr\u00eas classes apontadas pela Secretaria Municipal de Sa\u00fade (SEMS), apenas as gestantes ser\u00e3o atendidas conforme agendamento de consultas pr\u00e9-natal.<\/p>\n<p>\u201cN\u00f3s j\u00e1 vacinamos cerca de 18 mil pessoas em Penedo nesta campanha\u201d, informa Jamila Gabriela Peixoto, enfermeira e Diretora de Epidemiologia e Imuniza\u00e7\u00e3o da SEMS Penedo.<\/p>\n<p>\u201cN\u00f3s est\u00e1vamos agendando hor\u00e1rio para o usu\u00e1rio receber a vacina, por meio dos agentes de sa\u00fade, mas como o p\u00fablico priorit\u00e1rio de agora \u00e9 menor, n\u00e3o precisa mais, basta se dirigir at\u00e9 a unidade de sa\u00fade\u201d, esclarece Jamila Peixoto.<\/p>\n<p>Para receber a vacina contra gripe que at\u00e9 23 de mar\u00e7o causou 205 \u00f3bitos no Brasil, segundo dados do Minist\u00e9rio da Sa\u00fade, o usu\u00e1rio do SUS precisa levar seu cart\u00e3o de vacina para ser imunizado.<\/p>\n<p>No caso dos adultos, se esquecer de levar ou mesmo se n\u00e3o tiver o cart\u00e3o, o registro ser\u00e1 feito na unidade de sa\u00fade. J\u00e1 para as crian\u00e7as \u00e9 obrigat\u00f3rio que o pai, m\u00e3e ou respons\u00e1vel apresente o cart\u00e3o de vacina do menino ou menina de at\u00e9 6 anos de idade.<\/p>\n<p>A Diretora de Epidemiologia e Imuniza\u00e7\u00e3o da SEMS Penedo acrescenta que a vacina\u00e7\u00e3o ocorre em todas as 20 unidades de sa\u00fade do munic\u00edpio, no hor\u00e1rio de 7h30 \u00e0s 11h30 e das 13h30 \u00e0s 17 horas.<\/p>\n<p>&nbsp;<\/p>\n<p><strong>por Fernando Vin\u00edcius \u2013 Decom PMP<\/strong><\/p>\n<p>&nbsp;<\/p>\n","protected":false},"excerpt":{"rendered":"<p>A campanha de vacina\u00e7\u00e3o contra a Gripe Influenza foi prorrogada pelo Minist\u00e9rio da Sa\u00fade at\u00e9 o final de junho, mas Penedo j\u00e1 atingiu a meta estabelecida pelo governo federal. Mais de 90% (92,44%) de todo o p\u00fablico priorit\u00e1rio residente no munic\u00edpio j\u00e1 est\u00e1 imunizado Apesar de at\u00e9 ultrapassar o \u00edndice geral da campanha contra o &hellip;<\/p>\n","protected":false},"author":1,"featured_media":7002,"comment_status":"open","ping_status":"open","sticky":false,"template":"","format":"standard","meta":{"_jetpack_newsletter_access":"","_jetpack_dont_email_post_to_subs":false,"_jetpack_newsletter_tier_id":0,"_jetpack_memberships_contains_paywalled_content":false,"_jetpack_memberships_contains_paid_content":false,"footnotes":""},"categories":[1],"tags":[],"class_list":["post-7001","post","type-post","status-publish","format-standard","has-post-thumbnail","hentry","category-destaque"],"jetpack_sharing_enabled":true,"jetpack_featured_media_url":"","_links":{"self":[{"href":"https:\/\/www.oparanews.com.br\/index.php\/wp-json\/wp\/v2\/posts\/7001","targetHints":{"allow":["GET"]}}],"collection":[{"href":"https:\/\/www.oparanews.com.br\/index.php\/wp-json\/wp\/v2\/posts"}],"about":[{"href":"https:\/\/www.oparanews.com.br\/index.php\/wp-json\/wp\/v2\/types\/post"}],"author":[{"embeddable":true,"href":"https:\/\/www.oparanews.com.br\/index.php\/wp-json\/wp\/v2\/users\/1"}],"replies":[{"embeddable":true,"href":"https:\/\/www.oparanews.com.br\/index.php\/wp-json\/wp\/v2\/comments?post=7001"}],"version-history":[{"count":0,"href":"https:\/\/www.oparanews.com.br\/index.php\/wp-json\/wp\/v2\/posts\/7001\/revisions"}],"wp:attachment":[{"href":"https:\/\/www.oparanews.com.br\/index.php\/wp-json\/wp\/v2\/media?parent=7001"}],"wp:term":[{"taxonomy":"category","embeddable":true,"href":"https:\/\/www.oparanews.com.br\/index.php\/wp-json\/wp\/v2\/categories?post=7001"},{"taxonomy":"post_tag","embeddable":true,"href":"https:\/\/www.oparanews.com.br\/index.php\/wp-json\/wp\/v2\/tags?post=7001"}],"curies":[{"name":"wp","href":"https:\/\/api.w.org\/{rel}","templated":true}]}}