{"id":7007,"date":"2020-06-03T17:42:48","date_gmt":"2020-06-03T17:42:48","guid":{"rendered":"https:\/\/oparanews.com.br\/?p=7007"},"modified":"2020-06-03T17:42:48","modified_gmt":"2020-06-03T17:42:48","slug":"bolsonaro-formaliza-pazuello-como-ministro-interino-da-saude","status":"publish","type":"post","link":"https:\/\/www.oparanews.com.br\/index.php\/2020\/06\/03\/bolsonaro-formaliza-pazuello-como-ministro-interino-da-saude\/","title":{"rendered":"Bolsonaro formaliza Pazuello como ministro interino da Sa\u00fade"},"content":{"rendered":"<p>O presidente Jair Bolsonaro formalizou no Di\u00e1rio Oficial da Uni\u00e3o (DOU) desta quarta-feira (3) o nome do general Eduardo Pazuello para exercer, interinamente, o cargo de ministro de Estado da Sa\u00fade. O decreto que nomeia Pazuello ministro interino tamb\u00e9m exonera o general do cargo anterior na pasta, o de secret\u00e1rio executivo.<\/p>\n<p>A confirma\u00e7\u00e3o de Pazuello no posto ocorre 19 dias depois da sa\u00edda do ent\u00e3o ministro, Nelson Teich, do governo. Na pr\u00e1tica, o general j\u00e1 estava no comando da Sa\u00fade desde o dia 15 de maio e, nas palavras do presidente Bolsonaro, &#8220;vai ficar por muito tempo&#8221; no cargo.<\/p>\n<p>A declara\u00e7\u00e3o de Bolsonaro foi feita para um grupo de funcion\u00e1rias do sistema de coleta de lixo que trabalhavam nas proximidades do Pal\u00e1cio da Alvorada no \u00faltimo dia 20 de maio. &#8220;Ele (Eduardo Pazuello) vai ficar por muito tempo, esse que est\u00e1 l\u00e1. Isso a\u00ed n\u00e3o vou mudar, n\u00e3o. Ele \u00e9 bom gestor e vai ter uma equipe boa de m\u00e9dicos abaixo dele&#8221;, declarou Bolsonaro na ocasi\u00e3o.<\/p>\n<p>Desde o m\u00eas passado, no entanto, cargos estrat\u00e9gicos do minist\u00e9rio v\u00eam sendo ocupados por militares. A primeira nomea\u00e7\u00e3o de destaque foi a pr\u00f3prio Pazuello, e segundo o Estad\u00e3o apurou, cerca de 40 postos do minist\u00e9rio dever\u00e3o ser entregues a militares. Desses, 20 j\u00e1 foram preenchidos.<\/p>\n<p>&nbsp;<\/p>\n<p><strong>Fonte: Terra<\/strong><\/p>\n<p>&nbsp;<\/p>\n","protected":false},"excerpt":{"rendered":"<p>O presidente Jair Bolsonaro formalizou no Di\u00e1rio Oficial da Uni\u00e3o (DOU) desta quarta-feira (3) o nome do general Eduardo Pazuello para exercer, interinamente, o cargo de ministro de Estado da Sa\u00fade. O decreto que nomeia Pazuello ministro interino tamb\u00e9m exonera o general do cargo anterior na pasta, o de secret\u00e1rio executivo. A confirma\u00e7\u00e3o de Pazuello &hellip;<\/p>\n","protected":false},"author":1,"featured_media":7008,"comment_status":"open","ping_status":"open","sticky":false,"template":"","format":"standard","meta":{"_jetpack_newsletter_access":"","_jetpack_dont_email_post_to_subs":false,"_jetpack_newsletter_tier_id":0,"_jetpack_memberships_contains_paywalled_content":false,"_jetpack_memberships_contains_paid_content":false,"footnotes":""},"categories":[1],"tags":[],"class_list":["post-7007","post","type-post","status-publish","format-standard","has-post-thumbnail","hentry","category-destaque"],"jetpack_sharing_enabled":true,"jetpack_featured_media_url":"","_links":{"self":[{"href":"https:\/\/www.oparanews.com.br\/index.php\/wp-json\/wp\/v2\/posts\/7007","targetHints":{"allow":["GET"]}}],"collection":[{"href":"https:\/\/www.oparanews.com.br\/index.php\/wp-json\/wp\/v2\/posts"}],"about":[{"href":"https:\/\/www.oparanews.com.br\/index.php\/wp-json\/wp\/v2\/types\/post"}],"author":[{"embeddable":true,"href":"https:\/\/www.oparanews.com.br\/index.php\/wp-json\/wp\/v2\/users\/1"}],"replies":[{"embeddable":true,"href":"https:\/\/www.oparanews.com.br\/index.php\/wp-json\/wp\/v2\/comments?post=7007"}],"version-history":[{"count":0,"href":"https:\/\/www.oparanews.com.br\/index.php\/wp-json\/wp\/v2\/posts\/7007\/revisions"}],"wp:attachment":[{"href":"https:\/\/www.oparanews.com.br\/index.php\/wp-json\/wp\/v2\/media?parent=7007"}],"wp:term":[{"taxonomy":"category","embeddable":true,"href":"https:\/\/www.oparanews.com.br\/index.php\/wp-json\/wp\/v2\/categories?post=7007"},{"taxonomy":"post_tag","embeddable":true,"href":"https:\/\/www.oparanews.com.br\/index.php\/wp-json\/wp\/v2\/tags?post=7007"}],"curies":[{"name":"wp","href":"https:\/\/api.w.org\/{rel}","templated":true}]}}