{"id":7010,"date":"2020-06-04T12:45:27","date_gmt":"2020-06-04T12:45:27","guid":{"rendered":"https:\/\/oparanews.com.br\/?p=7010"},"modified":"2020-06-04T12:45:27","modified_gmt":"2020-06-04T12:45:27","slug":"caminhao-pega-fogo-em-palmeira-dos-indios","status":"publish","type":"post","link":"https:\/\/www.oparanews.com.br\/index.php\/2020\/06\/04\/caminhao-pega-fogo-em-palmeira-dos-indios\/","title":{"rendered":"Caminh\u00e3o pega fogo em Palmeira dos \u00cdndios"},"content":{"rendered":"<p>Um caminh\u00e3o pegou fogo na noite de quarta-feira (3) na AL-115, em Palmeira dos \u00cdndios. Segundo o Batalh\u00e3o de Pol\u00edcia Rodovi\u00e1rio (BPRv), n\u00e3o houve feridos.<\/p>\n<p>Segundo o condutor, por volta de 21h40 o ve\u00edculo fez um barulho diferente e faltou freio. Em seguida, o caminh\u00e3o pegou fogo.<\/p>\n<p>O motorista disse que conseguiu sair do caminh\u00e3o e que n\u00e3o houve feridos, apenas danos materiais.<\/p>\n<p>&nbsp;<\/p>\n<p><strong>Fonte: G1\/AL<\/strong><\/p>\n<p>&nbsp;<\/p>\n","protected":false},"excerpt":{"rendered":"<p>Um caminh\u00e3o pegou fogo na noite de quarta-feira (3) na AL-115, em Palmeira dos \u00cdndios. Segundo o Batalh\u00e3o de Pol\u00edcia Rodovi\u00e1rio (BPRv), n\u00e3o houve feridos. Segundo o condutor, por volta de 21h40 o ve\u00edculo fez um barulho diferente e faltou freio. Em seguida, o caminh\u00e3o pegou fogo. O motorista disse que conseguiu sair do caminh\u00e3o &hellip;<\/p>\n","protected":false},"author":1,"featured_media":7011,"comment_status":"open","ping_status":"open","sticky":false,"template":"","format":"standard","meta":{"_jetpack_newsletter_access":"","_jetpack_dont_email_post_to_subs":false,"_jetpack_newsletter_tier_id":0,"_jetpack_memberships_contains_paywalled_content":false,"_jetpack_memberships_contains_paid_content":false,"footnotes":""},"categories":[1],"tags":[],"class_list":["post-7010","post","type-post","status-publish","format-standard","has-post-thumbnail","hentry","category-destaque"],"jetpack_sharing_enabled":true,"jetpack_featured_media_url":"","_links":{"self":[{"href":"https:\/\/www.oparanews.com.br\/index.php\/wp-json\/wp\/v2\/posts\/7010","targetHints":{"allow":["GET"]}}],"collection":[{"href":"https:\/\/www.oparanews.com.br\/index.php\/wp-json\/wp\/v2\/posts"}],"about":[{"href":"https:\/\/www.oparanews.com.br\/index.php\/wp-json\/wp\/v2\/types\/post"}],"author":[{"embeddable":true,"href":"https:\/\/www.oparanews.com.br\/index.php\/wp-json\/wp\/v2\/users\/1"}],"replies":[{"embeddable":true,"href":"https:\/\/www.oparanews.com.br\/index.php\/wp-json\/wp\/v2\/comments?post=7010"}],"version-history":[{"count":0,"href":"https:\/\/www.oparanews.com.br\/index.php\/wp-json\/wp\/v2\/posts\/7010\/revisions"}],"wp:attachment":[{"href":"https:\/\/www.oparanews.com.br\/index.php\/wp-json\/wp\/v2\/media?parent=7010"}],"wp:term":[{"taxonomy":"category","embeddable":true,"href":"https:\/\/www.oparanews.com.br\/index.php\/wp-json\/wp\/v2\/categories?post=7010"},{"taxonomy":"post_tag","embeddable":true,"href":"https:\/\/www.oparanews.com.br\/index.php\/wp-json\/wp\/v2\/tags?post=7010"}],"curies":[{"name":"wp","href":"https:\/\/api.w.org\/{rel}","templated":true}]}}