{"id":7019,"date":"2020-06-04T13:03:14","date_gmt":"2020-06-04T13:03:14","guid":{"rendered":"https:\/\/oparanews.com.br\/?p=7019"},"modified":"2020-06-04T13:03:14","modified_gmt":"2020-06-04T13:03:14","slug":"acusado-de-violencia-domestica-em-penedo-depoe-em-audiencia-virtual","status":"publish","type":"post","link":"https:\/\/www.oparanews.com.br\/index.php\/2020\/06\/04\/acusado-de-violencia-domestica-em-penedo-depoe-em-audiencia-virtual\/","title":{"rendered":"Acusado de viol\u00eancia dom\u00e9stica em Penedo dep\u00f5e em audi\u00eancia virtual"},"content":{"rendered":"<p>O juiz Nelson Fernando de Medeiros Martins, da 4\u00aa Vara de Penedo, conduziu nesta quarta-feira (3), por videoconfer\u00eancia, uma audi\u00eancia de instru\u00e7\u00e3o de um processo de viol\u00eancia dom\u00e9stica contra a mulher. O caso teria ocorrido em julho de 2019, quando o homem teria amea\u00e7ado a m\u00e3e e uma mulher que residia no mesmo local. Ap\u00f3s a amea\u00e7a, o acusado teria tentado iniciar um inc\u00eandio, mas sem sucesso. A senten\u00e7a ser\u00e1 proferida ap\u00f3s a manifesta\u00e7\u00e3o da defesa do acusado.<\/p>\n<p>Segundo o magistrado, as audi\u00eancias virtuais est\u00e3o otimizando o trabalho de todas as partes, ao dispensar a locomo\u00e7\u00e3o. &#8220;No final das audi\u00eancias eu tenho pedido um feedback aos policiais sobre como foi a experi\u00eancia da sess\u00e3o, e eles veem de forma positiva. Eles dizem que tem otimizado o trabalho e resolvido com mais agilidade, sobrando mais tempo para atender as demandas do dia a dia&#8221;, explica.<\/p>\n<p>O juiz ressaltou o esfor\u00e7o dos participantes para viabilizar as audi\u00eancias por videochamada, e afirmou que pretende continuar com as videochamadas, na medida do poss\u00edvel, mesmo depois do per\u00edodo de isolamento social.<\/p>\n<p>O acusado foi ouvido por videochamada, a partir do escrit\u00f3rio do advogado Lucas Raphael. Pelo Minist\u00e9rio P\u00fablico Estadual, atuou o promotor Sitael Lemos. A audi\u00eancia foi realizada atrav\u00e9s do Google Meet.<\/p>\n<p>&nbsp;<\/p>\n<p><strong>por Thaynara Monteiro &#8211; Dicom TJAL<\/strong><\/p>\n<p>&nbsp;<\/p>\n","protected":false},"excerpt":{"rendered":"<p>O juiz Nelson Fernando de Medeiros Martins, da 4\u00aa Vara de Penedo, conduziu nesta quarta-feira (3), por videoconfer\u00eancia, uma audi\u00eancia de instru\u00e7\u00e3o de um processo de viol\u00eancia dom\u00e9stica contra a mulher. O caso teria ocorrido em julho de 2019, quando o homem teria amea\u00e7ado a m\u00e3e e uma mulher que residia no mesmo local. Ap\u00f3s &hellip;<\/p>\n","protected":false},"author":1,"featured_media":7020,"comment_status":"open","ping_status":"open","sticky":false,"template":"","format":"standard","meta":{"_jetpack_newsletter_access":"","_jetpack_dont_email_post_to_subs":false,"_jetpack_newsletter_tier_id":0,"_jetpack_memberships_contains_paywalled_content":false,"_jetpack_memberships_contains_paid_content":false,"footnotes":""},"categories":[1],"tags":[],"class_list":["post-7019","post","type-post","status-publish","format-standard","has-post-thumbnail","hentry","category-destaque"],"jetpack_sharing_enabled":true,"jetpack_featured_media_url":"","_links":{"self":[{"href":"https:\/\/www.oparanews.com.br\/index.php\/wp-json\/wp\/v2\/posts\/7019","targetHints":{"allow":["GET"]}}],"collection":[{"href":"https:\/\/www.oparanews.com.br\/index.php\/wp-json\/wp\/v2\/posts"}],"about":[{"href":"https:\/\/www.oparanews.com.br\/index.php\/wp-json\/wp\/v2\/types\/post"}],"author":[{"embeddable":true,"href":"https:\/\/www.oparanews.com.br\/index.php\/wp-json\/wp\/v2\/users\/1"}],"replies":[{"embeddable":true,"href":"https:\/\/www.oparanews.com.br\/index.php\/wp-json\/wp\/v2\/comments?post=7019"}],"version-history":[{"count":0,"href":"https:\/\/www.oparanews.com.br\/index.php\/wp-json\/wp\/v2\/posts\/7019\/revisions"}],"wp:attachment":[{"href":"https:\/\/www.oparanews.com.br\/index.php\/wp-json\/wp\/v2\/media?parent=7019"}],"wp:term":[{"taxonomy":"category","embeddable":true,"href":"https:\/\/www.oparanews.com.br\/index.php\/wp-json\/wp\/v2\/categories?post=7019"},{"taxonomy":"post_tag","embeddable":true,"href":"https:\/\/www.oparanews.com.br\/index.php\/wp-json\/wp\/v2\/tags?post=7019"}],"curies":[{"name":"wp","href":"https:\/\/api.w.org\/{rel}","templated":true}]}}