{"id":7028,"date":"2020-06-04T13:18:03","date_gmt":"2020-06-04T13:18:03","guid":{"rendered":"https:\/\/oparanews.com.br\/?p=7028"},"modified":"2020-06-04T13:18:03","modified_gmt":"2020-06-04T13:18:03","slug":"jose-de-abreu-deixa-globo-e-tentara-carreira-internacional","status":"publish","type":"post","link":"https:\/\/www.oparanews.com.br\/index.php\/2020\/06\/04\/jose-de-abreu-deixa-globo-e-tentara-carreira-internacional\/","title":{"rendered":"Jos\u00e9 de Abreu deixa Globo e tentar\u00e1 carreira internacional"},"content":{"rendered":"<p>Jos\u00e9 de Abreu anunciou na noite dessa quarta-feira (3) que, ap\u00f3s 40 anos de TV Globo, deixar\u00e1 a emissora no pr\u00f3ximo dia 30 de junho. A informa\u00e7\u00e3o foi dada durante transmiss\u00e3o de live realizada pelo ex-presidente Lula nas redes sociais.<\/p>\n<p>\u201cMas agora, Lula, eu queria aproveitar e falar pra voc\u00ea. Eu acabei de fechar um distrato com a Globo de uma maneira extremamente boa para os dois lados. H\u00e1 dois meses, a gente come\u00e7ou uma negocia\u00e7\u00e3o e fechamos h\u00e1 cerca de um m\u00eas. Tive uma boa conversa com [o diretor art\u00edstico Carlos Henrique] Schroder na semana passada. Vou me desligar da Globo no dia 30\u201d, afirmou.<\/p>\n<p>Aos 74 anos, ele emendou dizendo que tentar\u00e1 carreira internacional. \u201cAgora vou tentar carreira internacional. Vou mudar de vida. Estou aqui [na Nova Zel\u00e2ndia] melhorando o meu ingl\u00eas. Vou continuar trabalhando na Globo, por obra certa, mas sem contrato depois de 40 e tantos anos\u2026 \u00c9 uma nova maneira da Globo se relacionar com os seus artistas\u201d, completou.<\/p>\n<p>O ator est\u00e1 vivendo na Nova Zel\u00e2ndia junto com a noiva Carol Junger, de 22 anos. Ainda na live, ele se queixou do d\u00f3lar alto e comentou sobre a dificuldade de sobreviver com o sal\u00e1rio em real fora do Brasil.<\/p>\n<p>\u201cE para mim, tamb\u00e9m estava muito dif\u00edcil sobreviver com o sal\u00e1rio em real fora do Brasil. Quando eu sa\u00ed do Brasil, pela primeira vez, em 2014, o d\u00f3lar estava em R$ 2,22. Quer dizer, eu precisava de R$ 2,22 para comprar US$ 1. Hoje, eu preciso de R$ 6. Ou seja, a conta n\u00e3o ia fechar nunca\u201d, disse.<\/p>\n<p>A primeira novela de Jos\u00e9 de Abreu na TV Globo foi em 1980, atuando na trama \u2018As Tr\u00eas Marias\u2018. O ator conta com outras em seu curr\u00edculo tamb\u00e9m, como \u2018A Indomada\u2018, \u2018Senhora do Destino\u2018, \u2018Caminho das \u00cdndias\u2018, \u2018Avenida Brasil\u2018, entre outras.<\/p>\n<p>&nbsp;<\/p>\n<p><strong>Fonte: Gente<\/strong><\/p>\n<p>&nbsp;<\/p>\n","protected":false},"excerpt":{"rendered":"<p>Jos\u00e9 de Abreu anunciou na noite dessa quarta-feira (3) que, ap\u00f3s 40 anos de TV Globo, deixar\u00e1 a emissora no pr\u00f3ximo dia 30 de junho. A informa\u00e7\u00e3o foi dada durante transmiss\u00e3o de live realizada pelo ex-presidente Lula nas redes sociais. \u201cMas agora, Lula, eu queria aproveitar e falar pra voc\u00ea. Eu acabei de fechar um &hellip;<\/p>\n","protected":false},"author":1,"featured_media":7029,"comment_status":"open","ping_status":"open","sticky":false,"template":"","format":"standard","meta":{"_jetpack_newsletter_access":"","_jetpack_dont_email_post_to_subs":false,"_jetpack_newsletter_tier_id":0,"_jetpack_memberships_contains_paywalled_content":false,"_jetpack_memberships_contains_paid_content":false,"footnotes":""},"categories":[1],"tags":[],"class_list":["post-7028","post","type-post","status-publish","format-standard","has-post-thumbnail","hentry","category-destaque"],"jetpack_sharing_enabled":true,"jetpack_featured_media_url":"","_links":{"self":[{"href":"https:\/\/www.oparanews.com.br\/index.php\/wp-json\/wp\/v2\/posts\/7028","targetHints":{"allow":["GET"]}}],"collection":[{"href":"https:\/\/www.oparanews.com.br\/index.php\/wp-json\/wp\/v2\/posts"}],"about":[{"href":"https:\/\/www.oparanews.com.br\/index.php\/wp-json\/wp\/v2\/types\/post"}],"author":[{"embeddable":true,"href":"https:\/\/www.oparanews.com.br\/index.php\/wp-json\/wp\/v2\/users\/1"}],"replies":[{"embeddable":true,"href":"https:\/\/www.oparanews.com.br\/index.php\/wp-json\/wp\/v2\/comments?post=7028"}],"version-history":[{"count":0,"href":"https:\/\/www.oparanews.com.br\/index.php\/wp-json\/wp\/v2\/posts\/7028\/revisions"}],"wp:attachment":[{"href":"https:\/\/www.oparanews.com.br\/index.php\/wp-json\/wp\/v2\/media?parent=7028"}],"wp:term":[{"taxonomy":"category","embeddable":true,"href":"https:\/\/www.oparanews.com.br\/index.php\/wp-json\/wp\/v2\/categories?post=7028"},{"taxonomy":"post_tag","embeddable":true,"href":"https:\/\/www.oparanews.com.br\/index.php\/wp-json\/wp\/v2\/tags?post=7028"}],"curies":[{"name":"wp","href":"https:\/\/api.w.org\/{rel}","templated":true}]}}