{"id":7031,"date":"2020-06-04T13:21:35","date_gmt":"2020-06-04T13:21:35","guid":{"rendered":"https:\/\/oparanews.com.br\/?p=7031"},"modified":"2020-06-04T13:21:35","modified_gmt":"2020-06-04T13:21:35","slug":"governo-teme-que-atos-crescam-e-se-tornem-pro-impeachment","status":"publish","type":"post","link":"https:\/\/www.oparanews.com.br\/index.php\/2020\/06\/04\/governo-teme-que-atos-crescam-e-se-tornem-pro-impeachment\/","title":{"rendered":"Governo teme que atos cres\u00e7am e se tornem pr\u00f3-impeachment"},"content":{"rendered":"<p>O Pal\u00e1cio do Planalto teme que manifesta\u00e7\u00f5es de rua em defesa da democracia e contra o governo federal cres\u00e7am e se tornem atos pr\u00f3-impeachment do presidente Jair Bolsonaro. Ap\u00f3s a escalada de tens\u00e3o dos \u00faltimos dias, Bolsonaro deu na quarta-feira, 3, uma esp\u00e9cie de ordem unida e chamou manifestantes contr\u00e1rios a seu governo de &#8220;marginais&#8221; e &#8220;terroristas&#8221;. O gesto refletiu a preocupa\u00e7\u00e3o expressada por aliados do governo nas redes sociais.<\/p>\n<p>Bolsonaro usou termos duros para se referir a integrantes de grupos &#8211; autointitulados antifascistas &#8211; que passaram a promover atos contra o governo. Na mesma linha, o vice-presidente Hamilton Mour\u00e3o tamb\u00e9m classificou os participantes desses protestos como &#8220;baderneiros&#8221;, em artigo publicado tamb\u00e9m na quarta-feira no Estad\u00e3o.<\/p>\n<p>Novos atos est\u00e3o sendo chamados para o fim de semana por grupos ligados a torcidas de futebol, agora engrossados pela Frente Povo sem Medo, organiza\u00e7\u00e3o que re\u00fane movimentos sociais, centrais sindicais e partidos de esquerda. Em S\u00e3o Paulo as manifesta\u00e7\u00f5es est\u00e3o agendadas para o in\u00edcio da tarde de domingo na Avenida Paulista. O governo estadual proibiu atos rivais (contra e a favor de Bolsonaro) simult\u00e2neos na capital. H\u00e1 manifesta\u00e7\u00f5es agendadas no Rio, Salvador, Belo Horizonte e outras cidades.<\/p>\n<p>Na pr\u00e1tica, a principal pauta dos bolsonaristas, hoje, \u00e9 a criminaliza\u00e7\u00e3o dos protestos de rua. Al\u00e9m disso, h\u00e1 na c\u00fapula do governo a avalia\u00e7\u00e3o de que os fatos recentes que desgastam o Planalto &#8211; principalmente os relacionados a inqu\u00e9ritos que tramitam no Supremo Tribunal Federal &#8211; podem refor\u00e7ar a defesa do afastamento do presidente.<\/p>\n<p>As manifesta\u00e7\u00f5es antirracistas nos Estados Unidos ap\u00f3s o assassinato de George Floyd, seguran\u00e7a negro asfixiado por um policial branco, tamb\u00e9m causam apreens\u00e3o no Planalto. Foi ao se referir aos protestos, na noite de ter\u00e7a, 2, que Bolsonaro defendeu uma &#8220;retaguarda jur\u00eddica&#8221; para a atua\u00e7\u00e3o da pol\u00edcia nas manifesta\u00e7\u00f5es no Brasil.<\/p>\n<p>&#8220;Come\u00e7ou aqui com os antifas (movimento antifacista) em campo. O motivo, no meu entender, pol\u00edtico, \u00e9 diferente. S\u00e3o marginais, no meu entender, terroristas&#8221;, afirmou Bolsonaro. &#8220;T\u00eam amea\u00e7ado, (no pr\u00f3ximo) domingo, fazer movimentos pelo Brasil (&#8230;). L\u00e1 (nos EUA) o racismo \u00e9 um pouco diferente do Brasil. Est\u00e1 mais na pele. Ent\u00e3o, houve um negro l\u00e1 que perdeu a vida. Vendo a cena, a gente lamenta. (&#8230;) Agora, o povo americano tem que entender que, quando se erra, se paga. Agora, o que est\u00e1 se fazendo l\u00e1 \u00e9 uma coisa que n\u00e3o gostaria que acontecesse no Brasil.&#8221;<\/p>\n<p>Levantamento da empresa AP Exata mostra que h\u00e1 nas redes sociais uma tend\u00eancia de crescimento das manifesta\u00e7\u00f5es anti-Bolsonaro, com argumentos de defesa da democracia. De acordo com a pesquisa, recentes mensagens postadas por seguidores do presidente indicam que a m\u00eddia e a esquerda buscam estimular os protestos para derrubar o presidente. Os pr\u00f3ximos atos de rua tamb\u00e9m devem incorporar a pauta antirracista.<\/p>\n<p>Na segunda-feira, Bolsonaro pediu a apoiadores que evitem ir \u00e0s ruas no domingo para n\u00e3o haver confronto com a oposi\u00e7\u00e3o. &#8220;N\u00e3o tenho influ\u00eancia, n\u00e3o tenho nenhum grupo e nunca convoquei ningu\u00e9m para ir \u00e0s ruas. (&#8230;) N\u00f3s precisamos de uma retaguarda jur\u00eddica para que nosso policial possa bem trabalhar, em se apresentando esse tipo de movimento, que n\u00e3o tem nada a ver com democracia.&#8221;<\/p>\n<p>O presidente citou depreda\u00e7\u00f5es ocorridas em Curitiba e disse ainda que \u00e9 preciso impedir o alastramento de movimentos assim. &#8220;N\u00e3o podemos deixar que o Brasil se transforme no que foi h\u00e1 pouco tempo o Chile&#8221;, insistiu Bolsonaro, numa refer\u00eancia aos protestos do pa\u00eds vizinho.<\/p>\n<p>Um adolescente foi apreendido quarta em Curitiba, suspeito de atear fogo na bandeira nacional hasteada em frente ao Pal\u00e1cio Igua\u00e7u, sede do Executivo estadual. Ele participou de um &#8220;ato antirracista&#8221; na segunda-feira, que reuniu cerca de mil pessoas na regi\u00e3o central da capital paranaense. Ele foi o oitavo manifestante detido pela pol\u00edcia. Outras sete pessoas foram encaminhadas \u00e0 delegacia no dia do ato, que ocorreu de forma pac\u00edfica. Segundo as investiga\u00e7\u00f5es, os atos de vandalismo e depreda\u00e7\u00e3o foram registrados na dispers\u00e3o. Os movimentos sociais que organizaram ou aderiram \u00e0 manifesta\u00e7\u00e3o atribu\u00edram os atos de vandalismo e depreda\u00e7\u00e3o a infiltrados.<\/p>\n<p>Mais tarde, no Twitter, Bolsonaro bateu na mesma tecla, demonstrando preocupa\u00e7\u00e3o com o confronto. &#8220;Quem promove o caos, queima bandeira nacional e usa da viol\u00eancia como uma forma de &#8216;protestar&#8217; \u00e9 terrorista sim! Manifestante, contra ou a favor do governo, \u00e9 outra coisa.&#8221;<\/p>\n<p>Mour\u00e3o adotou o mesmo tom. &#8220;Aonde querem chegar? A incendiar as ruas do Pa\u00eds, como em 2013? A ensanguent\u00e1-las, como aconteceu em outros pa\u00edses? Isso pode servir para muita coisa, jamais para defender a democracia. E o Pa\u00eds j\u00e1 aprendeu quanto custa esse erro.&#8221;<\/p>\n<p><strong>Cr\u00edtica<\/strong><\/p>\n<p>L\u00edderes de movimentos classificaram as rea\u00e7\u00f5es de Bolsonaro e Mour\u00e3o de autorit\u00e1rias. &#8220;As declara\u00e7\u00f5es s\u00e3o pr\u00f3prias de figuras pol\u00edticas que n\u00e3o sabem viver com o contradit\u00f3rio&#8221;, disse o presidente da Uni\u00e3o Nacional dos Estudantes (UNE), Iago Montalv\u00e3o. &#8220;Manifesta\u00e7\u00f5es em defesa da democracia seguem um direito constitucional. Terrorista deveria ser considerado quem faz manifesta\u00e7\u00e3o em defesa do AI-5 e da tortura. As declara\u00e7\u00f5es mostram mais um face de um governo autorit\u00e1rio&#8221;, afirmou Josu\u00e9 Rocha, da coordena\u00e7\u00e3o nacional da Frente Povo Sem Medo.<\/p>\n<p>Um dos l\u00edderes do movimento Somos Democracia, Danilo P\u00e1ssaro criticou o artigo de Mour\u00e3o. &#8220;Ao contr\u00e1rio do que diz o vice, s\u00e3o os apoiadores do governo que exp\u00f5em seus rev\u00f3lveres e armas.&#8221; \/ COLABORARAM MATHEUS LARA e ANGELO SFAIR, ESPECIAL PARA O ESTADO<\/p>\n<p>&nbsp;<\/p>\n<p><strong>Fonte: Terra<\/strong><\/p>\n<p>&nbsp;<\/p>\n","protected":false},"excerpt":{"rendered":"<p>O Pal\u00e1cio do Planalto teme que manifesta\u00e7\u00f5es de rua em defesa da democracia e contra o governo federal cres\u00e7am e se tornem atos pr\u00f3-impeachment do presidente Jair Bolsonaro. Ap\u00f3s a escalada de tens\u00e3o dos \u00faltimos dias, Bolsonaro deu na quarta-feira, 3, uma esp\u00e9cie de ordem unida e chamou manifestantes contr\u00e1rios a seu governo de &#8220;marginais&#8221; &hellip;<\/p>\n","protected":false},"author":1,"featured_media":7032,"comment_status":"open","ping_status":"open","sticky":false,"template":"","format":"standard","meta":{"_jetpack_newsletter_access":"","_jetpack_dont_email_post_to_subs":false,"_jetpack_newsletter_tier_id":0,"_jetpack_memberships_contains_paywalled_content":false,"_jetpack_memberships_contains_paid_content":false,"footnotes":""},"categories":[1],"tags":[],"class_list":["post-7031","post","type-post","status-publish","format-standard","has-post-thumbnail","hentry","category-destaque"],"jetpack_sharing_enabled":true,"jetpack_featured_media_url":"","_links":{"self":[{"href":"https:\/\/www.oparanews.com.br\/index.php\/wp-json\/wp\/v2\/posts\/7031","targetHints":{"allow":["GET"]}}],"collection":[{"href":"https:\/\/www.oparanews.com.br\/index.php\/wp-json\/wp\/v2\/posts"}],"about":[{"href":"https:\/\/www.oparanews.com.br\/index.php\/wp-json\/wp\/v2\/types\/post"}],"author":[{"embeddable":true,"href":"https:\/\/www.oparanews.com.br\/index.php\/wp-json\/wp\/v2\/users\/1"}],"replies":[{"embeddable":true,"href":"https:\/\/www.oparanews.com.br\/index.php\/wp-json\/wp\/v2\/comments?post=7031"}],"version-history":[{"count":0,"href":"https:\/\/www.oparanews.com.br\/index.php\/wp-json\/wp\/v2\/posts\/7031\/revisions"}],"wp:attachment":[{"href":"https:\/\/www.oparanews.com.br\/index.php\/wp-json\/wp\/v2\/media?parent=7031"}],"wp:term":[{"taxonomy":"category","embeddable":true,"href":"https:\/\/www.oparanews.com.br\/index.php\/wp-json\/wp\/v2\/categories?post=7031"},{"taxonomy":"post_tag","embeddable":true,"href":"https:\/\/www.oparanews.com.br\/index.php\/wp-json\/wp\/v2\/tags?post=7031"}],"curies":[{"name":"wp","href":"https:\/\/api.w.org\/{rel}","templated":true}]}}