{"id":7034,"date":"2020-06-04T20:09:58","date_gmt":"2020-06-04T20:09:58","guid":{"rendered":"https:\/\/oparanews.com.br\/?p=7034"},"modified":"2020-06-04T20:09:58","modified_gmt":"2020-06-04T20:09:58","slug":"e-tempo-de-celebrar-sao-joao-sem-fumaca-de-fogueira-e-nem-fogos-de-artificio","status":"publish","type":"post","link":"https:\/\/www.oparanews.com.br\/index.php\/2020\/06\/04\/e-tempo-de-celebrar-sao-joao-sem-fumaca-de-fogueira-e-nem-fogos-de-artificio\/","title":{"rendered":"\u00c9 tempo de celebrar S\u00e3o Jo\u00e3o, sem fuma\u00e7a de fogueira e nem fogos de artif\u00edcio"},"content":{"rendered":"<p>Chegamos ao per\u00edodo dos festejos juninos ainda em situa\u00e7\u00e3o de emerg\u00eancia por conta da pandemia da Covid-19. Alagoas est\u00e1 em curva ascendente de contamina\u00e7\u00e3o, com 503 \u00f3bitos registrados at\u00e9 quarta-feira, 03, e mais de 12 mil casos confirmados.<\/p>\n<p>A situa\u00e7\u00e3o \u00e9 de calamidade p\u00fablica e exige medidas austeras de precau\u00e7\u00e3o, inclusive em Penedo, munic\u00edpio com uma das menores taxas de incid\u00eancia do coronav\u00edrus do estado e mais baixa entre todos as 102 cidades alagoanas com mais de 60 mil habitantes.<\/p>\n<p>Para tentar se manter nessa condi\u00e7\u00e3o, a Prefeitura de Penedo adotou medidas adicionais e tempor\u00e1rias, refor\u00e7ando o enfrentamento ao Novo Coronav\u00edrus.<\/p>\n<p>A atualiza\u00e7\u00e3o prevista no Decreto n\u00ba 683\/2020, publicado no Di\u00e1rio Oficial do Munic\u00edpio (DOM) nesta quinta-feira, 04 de junho, pro\u00edbe o com\u00e9rcio e a queima de fogos de artif\u00edcio e tamb\u00e9m acender fogueiras, tanto em espa\u00e7os p\u00fablicos quanto privados.<\/p>\n<p>O objetivo das medidas \u00e9 evitar o aumento de demanda nos servi\u00e7os de sa\u00fade j\u00e1 sobrecarregados pela pandemia.<\/p>\n<p>Como \u00e9 de conhecimento p\u00fablico, pessoas com problemas respirat\u00f3rios s\u00e3o prejudicadas durante os festejos juninos por conta da fuma\u00e7a das fogueiras e necessitam de atendimento, assim como v\u00edtimas de queimaduras.<\/p>\n<p>Considerando que a rede de sa\u00fade, p\u00fablica e privada, j\u00e1 se encontra \u00e0 beira de um colapso por conta da Covid-19, a administra\u00e7\u00e3o municipal decidiu por mais essa a\u00e7\u00e3o preventiva.<\/p>\n<p>Outra justificativa \u00e9 a necessidade de atender as regras de distanciamento e isolamento social, comportamentos necess\u00e1rios para reduzir a propaga\u00e7\u00e3o da doen\u00e7a que j\u00e1 causou mais de 32 mil mortes no Brasil at\u00e9 este in\u00edcio do m\u00eas de junho.<\/p>\n<p>Portanto, para o bem de todos que moram em Penedo, o tempo \u00e9 de celebrar a festa junina em casa, sem fogueira e sem fogos, mantendo acessa apenas a chama da f\u00e9 em Deus.<\/p>\n<p>&nbsp;<\/p>\n<p><strong>por Fernando Vin\u00edcius \u2013 Decom PMP<\/strong><\/p>\n<p>&nbsp;<\/p>\n","protected":false},"excerpt":{"rendered":"<p>Chegamos ao per\u00edodo dos festejos juninos ainda em situa\u00e7\u00e3o de emerg\u00eancia por conta da pandemia da Covid-19. Alagoas est\u00e1 em curva ascendente de contamina\u00e7\u00e3o, com 503 \u00f3bitos registrados at\u00e9 quarta-feira, 03, e mais de 12 mil casos confirmados. A situa\u00e7\u00e3o \u00e9 de calamidade p\u00fablica e exige medidas austeras de precau\u00e7\u00e3o, inclusive em Penedo, munic\u00edpio com &hellip;<\/p>\n","protected":false},"author":1,"featured_media":7035,"comment_status":"open","ping_status":"open","sticky":false,"template":"","format":"standard","meta":{"_jetpack_newsletter_access":"","_jetpack_dont_email_post_to_subs":false,"_jetpack_newsletter_tier_id":0,"_jetpack_memberships_contains_paywalled_content":false,"_jetpack_memberships_contains_paid_content":false,"footnotes":""},"categories":[1],"tags":[],"class_list":["post-7034","post","type-post","status-publish","format-standard","has-post-thumbnail","hentry","category-destaque"],"jetpack_sharing_enabled":true,"jetpack_featured_media_url":"","_links":{"self":[{"href":"https:\/\/www.oparanews.com.br\/index.php\/wp-json\/wp\/v2\/posts\/7034","targetHints":{"allow":["GET"]}}],"collection":[{"href":"https:\/\/www.oparanews.com.br\/index.php\/wp-json\/wp\/v2\/posts"}],"about":[{"href":"https:\/\/www.oparanews.com.br\/index.php\/wp-json\/wp\/v2\/types\/post"}],"author":[{"embeddable":true,"href":"https:\/\/www.oparanews.com.br\/index.php\/wp-json\/wp\/v2\/users\/1"}],"replies":[{"embeddable":true,"href":"https:\/\/www.oparanews.com.br\/index.php\/wp-json\/wp\/v2\/comments?post=7034"}],"version-history":[{"count":0,"href":"https:\/\/www.oparanews.com.br\/index.php\/wp-json\/wp\/v2\/posts\/7034\/revisions"}],"wp:attachment":[{"href":"https:\/\/www.oparanews.com.br\/index.php\/wp-json\/wp\/v2\/media?parent=7034"}],"wp:term":[{"taxonomy":"category","embeddable":true,"href":"https:\/\/www.oparanews.com.br\/index.php\/wp-json\/wp\/v2\/categories?post=7034"},{"taxonomy":"post_tag","embeddable":true,"href":"https:\/\/www.oparanews.com.br\/index.php\/wp-json\/wp\/v2\/tags?post=7034"}],"curies":[{"name":"wp","href":"https:\/\/api.w.org\/{rel}","templated":true}]}}