{"id":7037,"date":"2020-06-04T20:15:53","date_gmt":"2020-06-04T20:15:53","guid":{"rendered":"https:\/\/oparanews.com.br\/?p=7037"},"modified":"2020-06-04T20:15:53","modified_gmt":"2020-06-04T20:15:53","slug":"nba-aprova-plano-para-retomar-temporada-em-julho-na-disney","status":"publish","type":"post","link":"https:\/\/www.oparanews.com.br\/index.php\/2020\/06\/04\/nba-aprova-plano-para-retomar-temporada-em-julho-na-disney\/","title":{"rendered":"NBA aprova plano para retomar temporada em julho na Disney"},"content":{"rendered":"<p>O Conselho de Propriet\u00e1rios da NBA aprovou nesta quinta-feira um plano para reiniciar a temporada da liga norte-americana de basquete, que est\u00e1 suspensa devido \u00e0 pandemia do coronav\u00edrus, no final de julho, na Disney World, na Fl\u00f3rida, segundo reportagens.<\/p>\n<p>Tanto a ESPN quanto o The Athletic, citando fontes n\u00e3o identificadas, disseram que um formato com 22 equipes foi aprovado por 29 a 1 em uma vota\u00e7\u00e3o.<\/p>\n<p>A NBA, que originalmente teria o in\u00edcio das Finais nesta quinta-feira, n\u00e3o respondeu de imediato quando questionada pela Reuters por e-mail sobre o retorno da temporada.<\/p>\n<p>Como parte do plano, a NBA realizar\u00e1 todos os jogos no Complexo ESPN Wide World of Sports, que fica dentro da Disney World, em Orlando. O complexo tem v\u00e1rios hot\u00e9is e arenas, e permitiria que a liga limite a exposi\u00e7\u00e3o externa.<\/p>\n<p>De acordo com o The Athletic, as equipes realizariam campos de treinamento de 30 de junho a 7 de julho antes de irem para Orlando para retomar a temporada em 31 de julho.<\/p>\n<p>Uma vez na Fl\u00f3rida, as equipes jogariam oito jogos cada para determinar o chaveamento dos playoffs, que seriam compostos por 13 equipes da Confer\u00eancia Oeste e 9 equipes da Confer\u00eancia Leste.<\/p>\n<p>A NBA foi a primeira liga esportiva da Am\u00e9rica do Norte a suspender sua temporada devido \u00e0 pandemia de Covid-19, depois que um de seus jogadores teve resultado positivo para o novo coronav\u00edrus em meados de mar\u00e7o.<\/p>\n<p>&nbsp;<\/p>\n<p><strong>Fonte: Terra<\/strong><\/p>\n<p>&nbsp;<\/p>\n","protected":false},"excerpt":{"rendered":"<p>O Conselho de Propriet\u00e1rios da NBA aprovou nesta quinta-feira um plano para reiniciar a temporada da liga norte-americana de basquete, que est\u00e1 suspensa devido \u00e0 pandemia do coronav\u00edrus, no final de julho, na Disney World, na Fl\u00f3rida, segundo reportagens. Tanto a ESPN quanto o The Athletic, citando fontes n\u00e3o identificadas, disseram que um formato com &hellip;<\/p>\n","protected":false},"author":1,"featured_media":7038,"comment_status":"open","ping_status":"open","sticky":false,"template":"","format":"standard","meta":{"_jetpack_newsletter_access":"","_jetpack_dont_email_post_to_subs":false,"_jetpack_newsletter_tier_id":0,"_jetpack_memberships_contains_paywalled_content":false,"_jetpack_memberships_contains_paid_content":false,"footnotes":""},"categories":[1],"tags":[],"class_list":["post-7037","post","type-post","status-publish","format-standard","has-post-thumbnail","hentry","category-destaque"],"jetpack_sharing_enabled":true,"jetpack_featured_media_url":"","_links":{"self":[{"href":"https:\/\/www.oparanews.com.br\/index.php\/wp-json\/wp\/v2\/posts\/7037","targetHints":{"allow":["GET"]}}],"collection":[{"href":"https:\/\/www.oparanews.com.br\/index.php\/wp-json\/wp\/v2\/posts"}],"about":[{"href":"https:\/\/www.oparanews.com.br\/index.php\/wp-json\/wp\/v2\/types\/post"}],"author":[{"embeddable":true,"href":"https:\/\/www.oparanews.com.br\/index.php\/wp-json\/wp\/v2\/users\/1"}],"replies":[{"embeddable":true,"href":"https:\/\/www.oparanews.com.br\/index.php\/wp-json\/wp\/v2\/comments?post=7037"}],"version-history":[{"count":0,"href":"https:\/\/www.oparanews.com.br\/index.php\/wp-json\/wp\/v2\/posts\/7037\/revisions"}],"wp:attachment":[{"href":"https:\/\/www.oparanews.com.br\/index.php\/wp-json\/wp\/v2\/media?parent=7037"}],"wp:term":[{"taxonomy":"category","embeddable":true,"href":"https:\/\/www.oparanews.com.br\/index.php\/wp-json\/wp\/v2\/categories?post=7037"},{"taxonomy":"post_tag","embeddable":true,"href":"https:\/\/www.oparanews.com.br\/index.php\/wp-json\/wp\/v2\/tags?post=7037"}],"curies":[{"name":"wp","href":"https:\/\/api.w.org\/{rel}","templated":true}]}}