{"id":7040,"date":"2020-06-04T23:38:50","date_gmt":"2020-06-04T23:38:50","guid":{"rendered":"https:\/\/oparanews.com.br\/?p=7040"},"modified":"2020-06-04T23:38:50","modified_gmt":"2020-06-04T23:38:50","slug":"upa-de-penedo-recebera-r-660-mil-durante-tres-meses-para-o-combate-ao-coronavirus","status":"publish","type":"post","link":"https:\/\/www.oparanews.com.br\/index.php\/2020\/06\/04\/upa-de-penedo-recebera-r-660-mil-durante-tres-meses-para-o-combate-ao-coronavirus\/","title":{"rendered":"UPA de Penedo receber\u00e1 R$ 60 mil durante tr\u00eas meses para o combate ao coronav\u00edrus"},"content":{"rendered":"<p>O governador Renan Filho se reuniu por videoconfer\u00eancia na tarde dessa quarta-feira (03) com prefeitos de oito cidades do interior de Alagoas que t\u00eam Unidades de Pronto Atendimento (UPAs) para anunciar o fortalecimento do atendimento \u00e0 popula\u00e7\u00e3o nessas unidades. O Governo do Estado repassar\u00e1 R$ 660 mil por m\u00eas a esses munic\u00edpios, durante os pr\u00f3ximos tr\u00eas meses, para expandir a assist\u00eancia aos cidad\u00e3os alagoanos que buscam suporte m\u00e9dico nas UPAs durante o enfrentamento \u00e0 Covid-19.<\/p>\n<p>Ao todo, oito unidades ser\u00e3o beneficiadas nos munic\u00edpios de Coruripe, Delmiro Gouveia, Maragogi, Marechal Deodoro, Penedo, S\u00e3o Miguel dos Campos, Vi\u00e7osa e Palmeira do \u00cdndios \u2013 neste \u00faltimo, o incremento financeiro de custeio j\u00e1 ser\u00e1 empregado na amplia\u00e7\u00e3o de 13 leitos cl\u00ednicos e de estabiliza\u00e7\u00e3o.<\/p>\n<p>Neste programa, o investimento da Secretaria de Estado da Sa\u00fade (Sesau) ser\u00e1 de R$ 1,980 milh\u00e3o. Os repasses ser\u00e3o realizados pelo prazo de tr\u00eas meses, podendo ser renovados por igual per\u00edodo, caso haja necessidade.<\/p>\n<p>Com o recurso, oriundo do Tesouro Estadual, as UPAs poder\u00e3o ampliar o n\u00famero de m\u00e9dicos e enfermeiros por plant\u00e3o, al\u00e9m de melhorar a assist\u00eancia aos usu\u00e1rios e diminuir a sobrecarga dos profissionais que trabalham na linha de frente no combate ao novo coronav\u00edrus.<\/p>\n<p>&nbsp;<\/p>\n<p><strong>Fonte: Ag\u00eancia Alagoas<\/strong><\/p>\n<p>&nbsp;<\/p>\n","protected":false},"excerpt":{"rendered":"<p>O governador Renan Filho se reuniu por videoconfer\u00eancia na tarde dessa quarta-feira (03) com prefeitos de oito cidades do interior de Alagoas que t\u00eam Unidades de Pronto Atendimento (UPAs) para anunciar o fortalecimento do atendimento \u00e0 popula\u00e7\u00e3o nessas unidades. O Governo do Estado repassar\u00e1 R$ 660 mil por m\u00eas a esses munic\u00edpios, durante os pr\u00f3ximos &hellip;<\/p>\n","protected":false},"author":1,"featured_media":7041,"comment_status":"open","ping_status":"open","sticky":false,"template":"","format":"standard","meta":{"_jetpack_newsletter_access":"","_jetpack_dont_email_post_to_subs":false,"_jetpack_newsletter_tier_id":0,"_jetpack_memberships_contains_paywalled_content":false,"_jetpack_memberships_contains_paid_content":false,"footnotes":""},"categories":[1],"tags":[],"class_list":["post-7040","post","type-post","status-publish","format-standard","has-post-thumbnail","hentry","category-destaque"],"jetpack_sharing_enabled":true,"jetpack_featured_media_url":"","_links":{"self":[{"href":"https:\/\/www.oparanews.com.br\/index.php\/wp-json\/wp\/v2\/posts\/7040","targetHints":{"allow":["GET"]}}],"collection":[{"href":"https:\/\/www.oparanews.com.br\/index.php\/wp-json\/wp\/v2\/posts"}],"about":[{"href":"https:\/\/www.oparanews.com.br\/index.php\/wp-json\/wp\/v2\/types\/post"}],"author":[{"embeddable":true,"href":"https:\/\/www.oparanews.com.br\/index.php\/wp-json\/wp\/v2\/users\/1"}],"replies":[{"embeddable":true,"href":"https:\/\/www.oparanews.com.br\/index.php\/wp-json\/wp\/v2\/comments?post=7040"}],"version-history":[{"count":0,"href":"https:\/\/www.oparanews.com.br\/index.php\/wp-json\/wp\/v2\/posts\/7040\/revisions"}],"wp:attachment":[{"href":"https:\/\/www.oparanews.com.br\/index.php\/wp-json\/wp\/v2\/media?parent=7040"}],"wp:term":[{"taxonomy":"category","embeddable":true,"href":"https:\/\/www.oparanews.com.br\/index.php\/wp-json\/wp\/v2\/categories?post=7040"},{"taxonomy":"post_tag","embeddable":true,"href":"https:\/\/www.oparanews.com.br\/index.php\/wp-json\/wp\/v2\/tags?post=7040"}],"curies":[{"name":"wp","href":"https:\/\/api.w.org\/{rel}","templated":true}]}}