{"id":7048,"date":"2020-06-05T01:43:10","date_gmt":"2020-06-05T01:43:10","guid":{"rendered":"https:\/\/oparanews.com.br\/?p=7048"},"modified":"2020-06-05T01:43:10","modified_gmt":"2020-06-05T01:43:10","slug":"chega-a-63-o-numero-de-casos-confirmados-de-covid-19-em-penedo","status":"publish","type":"post","link":"https:\/\/www.oparanews.com.br\/index.php\/2020\/06\/05\/chega-a-63-o-numero-de-casos-confirmados-de-covid-19-em-penedo\/","title":{"rendered":"Chega a 63 o n\u00famero de casos confirmados de Covid-19 em Penedo"},"content":{"rendered":"<p>A Secretaria Municipal de Sa\u00fade (SEMS) da Prefeitura de Penedo divulgou o boletim Covid-19 desta quinta-feira, 04 de junho. Os dados apontam 150 pessoas sendo monitoradas, 77 suspeitas de contamina\u00e7\u00e3o descartadas, cinco casos suspeitos, onze recuperados, 63 confirmados e dois \u00f3bitos.<\/p>\n<p><a href=\"https:\/\/oparanews.com.br\/wp-content\/uploads\/2020\/06\/aaaaaaaaaaaaaaaaaaaaaa-38.jpg\"><img loading=\"lazy\" decoding=\"async\" class=\"alignleft size-medium wp-image-7049\" src=\"https:\/\/oparanews.com.br\/wp-content\/uploads\/2020\/06\/aaaaaaaaaaaaaaaaaaaaaa-38-273x300.jpg\" alt=\"\" width=\"273\" height=\"300\" \/><\/a>A SEMS Penedo informa ainda que, a partir de hoje, o boletim Covid-19 ser\u00e1 atualizado com base nos dados da pasta, exceto a confirma\u00e7\u00e3o de \u00f3bitos.<\/p>\n<p>A op\u00e7\u00e3o de divulgar os demais casos relacionados com a pandemia do Novo Coronav\u00edrus, sem depender da publica\u00e7\u00e3o nos relat\u00f3rios da Secretaria de Estado de Sa\u00fade (Sesau), torna o acompanhamento da evolu\u00e7\u00e3o dos quadros mais pr\u00f3ximo da realidade di\u00e1ria do munic\u00edpio.<\/p>\n<p>Portanto, n\u00e3o se trata de erro e muito menos manipula\u00e7\u00e3o de dados a diferen\u00e7a que h\u00e1 entre os boletins Covid-19 da SEMS Penedo e da Sesau desta quinta, 04.<\/p>\n<p>A inst\u00e2ncia estadual ainda registra 47 casos confirmados da doen\u00e7a em Penedo, mas a SEMS j\u00e1 comprovou \u2013 por meio de teste \u2013 a ocorr\u00eancia de 63 pessoas contagiadas por coronav\u00edrus no munic\u00edpio.<\/p>\n<p>O boletim que informa a localiza\u00e7\u00e3o das \u00e1reas com pessoas infectadas, por bairro ou povoado, tamb\u00e9m foi atualizado. Os dois setores que concentram o maior n\u00famero de casos confirmados est\u00e3o na parte alta de Penedo, os bairros Dom Constantino (16) e Santa Luzia (16).<\/p>\n<p>Confira a distribui\u00e7\u00e3o no quadro abaixo<\/p>\n<p><a href=\"https:\/\/oparanews.com.br\/wp-content\/uploads\/2020\/06\/aaaaaaaaaaaaaaaaaaaaaa-40.jpg\"><img loading=\"lazy\" decoding=\"async\" class=\"alignleft size-medium wp-image-7051\" src=\"https:\/\/oparanews.com.br\/wp-content\/uploads\/2020\/06\/aaaaaaaaaaaaaaaaaaaaaa-40-273x300.jpg\" alt=\"\" width=\"273\" height=\"300\" \/><\/a><\/p>\n<p>&nbsp;<\/p>\n<p>&nbsp;<\/p>\n<p>&nbsp;<\/p>\n<p>&nbsp;<\/p>\n<p><strong>por Fernando Vin\u00edcius \u2013 Decom PMP<\/strong><\/p>\n<p>&nbsp;<\/p>\n","protected":false},"excerpt":{"rendered":"<p>A Secretaria Municipal de Sa\u00fade (SEMS) da Prefeitura de Penedo divulgou o boletim Covid-19 desta quinta-feira, 04 de junho. Os dados apontam 150 pessoas sendo monitoradas, 77 suspeitas de contamina\u00e7\u00e3o descartadas, cinco casos suspeitos, onze recuperados, 63 confirmados e dois \u00f3bitos. A SEMS Penedo informa ainda que, a partir de hoje, o boletim Covid-19 ser\u00e1 &hellip;<\/p>\n","protected":false},"author":1,"featured_media":7050,"comment_status":"open","ping_status":"open","sticky":false,"template":"","format":"standard","meta":{"_jetpack_newsletter_access":"","_jetpack_dont_email_post_to_subs":false,"_jetpack_newsletter_tier_id":0,"_jetpack_memberships_contains_paywalled_content":false,"_jetpack_memberships_contains_paid_content":false,"footnotes":""},"categories":[1],"tags":[],"class_list":["post-7048","post","type-post","status-publish","format-standard","has-post-thumbnail","hentry","category-destaque"],"jetpack_sharing_enabled":true,"jetpack_featured_media_url":"","_links":{"self":[{"href":"https:\/\/www.oparanews.com.br\/index.php\/wp-json\/wp\/v2\/posts\/7048","targetHints":{"allow":["GET"]}}],"collection":[{"href":"https:\/\/www.oparanews.com.br\/index.php\/wp-json\/wp\/v2\/posts"}],"about":[{"href":"https:\/\/www.oparanews.com.br\/index.php\/wp-json\/wp\/v2\/types\/post"}],"author":[{"embeddable":true,"href":"https:\/\/www.oparanews.com.br\/index.php\/wp-json\/wp\/v2\/users\/1"}],"replies":[{"embeddable":true,"href":"https:\/\/www.oparanews.com.br\/index.php\/wp-json\/wp\/v2\/comments?post=7048"}],"version-history":[{"count":0,"href":"https:\/\/www.oparanews.com.br\/index.php\/wp-json\/wp\/v2\/posts\/7048\/revisions"}],"wp:attachment":[{"href":"https:\/\/www.oparanews.com.br\/index.php\/wp-json\/wp\/v2\/media?parent=7048"}],"wp:term":[{"taxonomy":"category","embeddable":true,"href":"https:\/\/www.oparanews.com.br\/index.php\/wp-json\/wp\/v2\/categories?post=7048"},{"taxonomy":"post_tag","embeddable":true,"href":"https:\/\/www.oparanews.com.br\/index.php\/wp-json\/wp\/v2\/tags?post=7048"}],"curies":[{"name":"wp","href":"https:\/\/api.w.org\/{rel}","templated":true}]}}