{"id":7053,"date":"2020-06-05T12:56:23","date_gmt":"2020-06-05T12:56:23","guid":{"rendered":"https:\/\/oparanews.com.br\/?p=7053"},"modified":"2020-06-05T12:56:23","modified_gmt":"2020-06-05T12:56:23","slug":"fontenelle-acusa-anitta-de-destruir-casamentos","status":"publish","type":"post","link":"https:\/\/www.oparanews.com.br\/index.php\/2020\/06\/05\/fontenelle-acusa-anitta-de-destruir-casamentos\/","title":{"rendered":"Fontenelle acusa Anitta de destruir casamentos"},"content":{"rendered":"<p>Antonia Fontenelle soltou o verbo e resolveu dar sua opini\u00e3o sobre Anitta em uma live em seu canal no YouTube. Ao repercutir a opini\u00e3o da ex-deputada Manuela D\u2019\u00c1vila, que falou que a cantora vivia uma rela\u00e7\u00e3o abusiva com o jornalista Leo Dias, a apresentadora partiu para o ataque contra a funkeira e a acusou de ser uma \u201cdestruidora de casamentos\u201d.<\/p>\n<p>\u201cE as mulheres que foram prejudicadas por essa cantora? Pela Anitta, que trabalha bem, \u00e9 sagaz, inteligente, faz contatos\u2026 Meu amor, essa brincadeira desta mo\u00e7a (Anitta) que voc\u00ea (Manuela D\u2019\u00c1vila) diz que estava sofrendo rela\u00e7\u00e3o abusiva destruiu casamentos, destruiu vidas\u201d, disparou Antonia Fontenelle, que completou.<\/p>\n<p>\u201cOu voc\u00ea acha o qu\u00ea? Que Marina Ruy Barbosa n\u00e3o foi prejudicada com isso? Como voc\u00ea acha que o marido e a fam\u00edlia de Marina Ruy Barbosa ficaram diante disso a\u00ed? Ou voc\u00ea n\u00e3o sabe que a D\u00e9bora (Nascimento) se separou do (Jos\u00e9) Loreto por conta da brincadeirinha desta mo\u00e7a (Anitta), que sofria uma rela\u00e7\u00e3o abusiva?\u201d, completou.<\/p>\n<p>Vale lembrar que Leo Dias, quando vazou conversas com Anitta no final do \u00faltimo m\u00eas, mostrou que a cantora teria apontado que Marina Ruy Barbosa foi a piv\u00f4 do rompimento do casamento entre Jos\u00e9 Loreto e D\u00e9bora Nascimento. Que confus\u00e3o!<\/p>\n<p>&nbsp;<\/p>\n<p><strong>Fonte: MSN<\/strong><\/p>\n<p>&nbsp;<\/p>\n","protected":false},"excerpt":{"rendered":"<p>Antonia Fontenelle soltou o verbo e resolveu dar sua opini\u00e3o sobre Anitta em uma live em seu canal no YouTube. Ao repercutir a opini\u00e3o da ex-deputada Manuela D\u2019\u00c1vila, que falou que a cantora vivia uma rela\u00e7\u00e3o abusiva com o jornalista Leo Dias, a apresentadora partiu para o ataque contra a funkeira e a acusou de &hellip;<\/p>\n","protected":false},"author":1,"featured_media":7054,"comment_status":"open","ping_status":"open","sticky":false,"template":"","format":"standard","meta":{"_jetpack_newsletter_access":"","_jetpack_dont_email_post_to_subs":false,"_jetpack_newsletter_tier_id":0,"_jetpack_memberships_contains_paywalled_content":false,"_jetpack_memberships_contains_paid_content":false,"footnotes":""},"categories":[1],"tags":[],"class_list":["post-7053","post","type-post","status-publish","format-standard","has-post-thumbnail","hentry","category-destaque"],"jetpack_sharing_enabled":true,"jetpack_featured_media_url":"","_links":{"self":[{"href":"https:\/\/www.oparanews.com.br\/index.php\/wp-json\/wp\/v2\/posts\/7053","targetHints":{"allow":["GET"]}}],"collection":[{"href":"https:\/\/www.oparanews.com.br\/index.php\/wp-json\/wp\/v2\/posts"}],"about":[{"href":"https:\/\/www.oparanews.com.br\/index.php\/wp-json\/wp\/v2\/types\/post"}],"author":[{"embeddable":true,"href":"https:\/\/www.oparanews.com.br\/index.php\/wp-json\/wp\/v2\/users\/1"}],"replies":[{"embeddable":true,"href":"https:\/\/www.oparanews.com.br\/index.php\/wp-json\/wp\/v2\/comments?post=7053"}],"version-history":[{"count":0,"href":"https:\/\/www.oparanews.com.br\/index.php\/wp-json\/wp\/v2\/posts\/7053\/revisions"}],"wp:attachment":[{"href":"https:\/\/www.oparanews.com.br\/index.php\/wp-json\/wp\/v2\/media?parent=7053"}],"wp:term":[{"taxonomy":"category","embeddable":true,"href":"https:\/\/www.oparanews.com.br\/index.php\/wp-json\/wp\/v2\/categories?post=7053"},{"taxonomy":"post_tag","embeddable":true,"href":"https:\/\/www.oparanews.com.br\/index.php\/wp-json\/wp\/v2\/tags?post=7053"}],"curies":[{"name":"wp","href":"https:\/\/api.w.org\/{rel}","templated":true}]}}