{"id":7056,"date":"2020-06-05T13:11:31","date_gmt":"2020-06-05T13:11:31","guid":{"rendered":"https:\/\/oparanews.com.br\/?p=7056"},"modified":"2020-06-05T13:11:31","modified_gmt":"2020-06-05T13:11:31","slug":"carlos-alberto-sobre-isolamento-nao-paro-de-chorar","status":"publish","type":"post","link":"https:\/\/www.oparanews.com.br\/index.php\/2020\/06\/05\/carlos-alberto-sobre-isolamento-nao-paro-de-chorar\/","title":{"rendered":"Carlos Alberto sobre isolamento: &#8216;N\u00e3o paro de chorar&#8217;"},"content":{"rendered":"<p>Passando o per\u00edodo de isolamento social por conta da pandemia do novo coronav\u00edrus em seu s\u00edtio em Itu, no interior de S\u00e3o Paulo, Carlos Alberto de N\u00f3brega, 84 anos, disse em uma entrevista para o site Not\u00edcias da TV que est\u00e1 muito triste por estar afastado do trabalho e longe da fam\u00edlia. \u201cEu n\u00e3o paro de chorar. \u00c9 muita saudade dos meus filhos. \u00c9 horr\u00edvel\u201d, contou ele.<\/p>\n<p>Ao desabafar sobre o que tem feito para ficar pr\u00f3ximo dos familiares, o apresentador foi \u00e0s l\u00e1grimas: \u201cVou at\u00e9 a casa do Marcelo [de N\u00f3brega] e fico dentro do carro na rua. Ele traz as crian\u00e7as at\u00e9 a porta. Ele fica na porta, porque at\u00e9 a rua tem uns metros. Ele fica l\u00e1 e eu fico vendo meus netinhos. Sofro muito\u201d, lamentou.<\/p>\n<p>O que tem ajudado o veterano a ficar mais pr\u00f3ximo dos entres queridos \u00e9 a tecnologia. Ele disse que tem feito chamadas de v\u00eddeo com a filha Maria Fernanda N\u00f3brega, fruto de seu casamento com Andr\u00e9a N\u00f3brega. \u201cMe aperfei\u00e7oei nisso agora\u201d, contou ele, que antes da pandemia n\u00e3o era adepto de aplicativos tecnologicos.<\/p>\n<p>Como faz parte do grupo de risco, N\u00f3brega n\u00e3o foi autorizado a retornar \u00e0s grava\u00e7\u00f5es de seu programa \u2018A Pra\u00e7a \u00c9 Nossa\u2019, do SBT.<\/p>\n<p>\u201cSaber que vou ser um dos \u00faltimos a voltar a gravar me deixa muito triste. Realmente, por mais boa vontade que a emissora possa ter em voltar, a Pra\u00e7a vai ser uma das \u00faltimas. Como vou fazer uma pessoa n\u00e3o se sentar ao meu lado? Como vou botar um comediante com um pano no rosto? Tira totalmente a gra\u00e7a. Eu morro de inveja de quem est\u00e1 voltando a gravar. Por isso que eu quero ir embora (risos). No s\u00edtio, pelo menos, eu acompanho meus dois bezerrinhos que acabaram de nascer\u201d, disse.<\/p>\n<p>Muito ansioso para voltar ao trabalho, o comunicador conversou com a alta c\u00fapula da emissora e conseguiu uma previs\u00e3o de retorno. \u201cEu s\u00f3 volto em agosto. Isso \u00e9 certo. A n\u00e3o ser que a pandemia piore\u201d, concluiu Carlos Alberto de N\u00f3brega.<\/p>\n<p>&nbsp;<\/p>\n<p><strong>Fonte: MSN<\/strong><\/p>\n<p>&nbsp;<\/p>\n","protected":false},"excerpt":{"rendered":"<p>Passando o per\u00edodo de isolamento social por conta da pandemia do novo coronav\u00edrus em seu s\u00edtio em Itu, no interior de S\u00e3o Paulo, Carlos Alberto de N\u00f3brega, 84 anos, disse em uma entrevista para o site Not\u00edcias da TV que est\u00e1 muito triste por estar afastado do trabalho e longe da fam\u00edlia. \u201cEu n\u00e3o paro &hellip;<\/p>\n","protected":false},"author":1,"featured_media":7057,"comment_status":"open","ping_status":"open","sticky":false,"template":"","format":"standard","meta":{"_jetpack_newsletter_access":"","_jetpack_dont_email_post_to_subs":false,"_jetpack_newsletter_tier_id":0,"_jetpack_memberships_contains_paywalled_content":false,"_jetpack_memberships_contains_paid_content":false,"footnotes":""},"categories":[1],"tags":[],"class_list":["post-7056","post","type-post","status-publish","format-standard","has-post-thumbnail","hentry","category-destaque"],"jetpack_sharing_enabled":true,"jetpack_featured_media_url":"","_links":{"self":[{"href":"https:\/\/www.oparanews.com.br\/index.php\/wp-json\/wp\/v2\/posts\/7056","targetHints":{"allow":["GET"]}}],"collection":[{"href":"https:\/\/www.oparanews.com.br\/index.php\/wp-json\/wp\/v2\/posts"}],"about":[{"href":"https:\/\/www.oparanews.com.br\/index.php\/wp-json\/wp\/v2\/types\/post"}],"author":[{"embeddable":true,"href":"https:\/\/www.oparanews.com.br\/index.php\/wp-json\/wp\/v2\/users\/1"}],"replies":[{"embeddable":true,"href":"https:\/\/www.oparanews.com.br\/index.php\/wp-json\/wp\/v2\/comments?post=7056"}],"version-history":[{"count":0,"href":"https:\/\/www.oparanews.com.br\/index.php\/wp-json\/wp\/v2\/posts\/7056\/revisions"}],"wp:attachment":[{"href":"https:\/\/www.oparanews.com.br\/index.php\/wp-json\/wp\/v2\/media?parent=7056"}],"wp:term":[{"taxonomy":"category","embeddable":true,"href":"https:\/\/www.oparanews.com.br\/index.php\/wp-json\/wp\/v2\/categories?post=7056"},{"taxonomy":"post_tag","embeddable":true,"href":"https:\/\/www.oparanews.com.br\/index.php\/wp-json\/wp\/v2\/tags?post=7056"}],"curies":[{"name":"wp","href":"https:\/\/api.w.org\/{rel}","templated":true}]}}