{"id":7059,"date":"2020-06-05T14:02:19","date_gmt":"2020-06-05T14:02:19","guid":{"rendered":"https:\/\/oparanews.com.br\/?p=7059"},"modified":"2020-06-05T14:02:19","modified_gmt":"2020-06-05T14:02:19","slug":"alagoas-tem-o-maior-avanco-de-casos-do-nordeste-e-o-3o-de-mortes-por-covid-19","status":"publish","type":"post","link":"https:\/\/www.oparanews.com.br\/index.php\/2020\/06\/05\/alagoas-tem-o-maior-avanco-de-casos-do-nordeste-e-o-3o-de-mortes-por-covid-19\/","title":{"rendered":"Alagoas tem o maior avan\u00e7o de casos do Nordeste e o 3\u00ba de mortes por Covid-19"},"content":{"rendered":"<p>Os casos de Covid-19 t\u00eam avan\u00e7ado em todo o pa\u00eds e em Alagoas n\u00e3o \u00e9 diferente. Dados do Minist\u00e9rio da Sa\u00fade apontam que, por aqui, a cada 1 hora e 16 minutos um novo caso da doen\u00e7a \u00e9 registrado, sendo assim o estado com o maior avan\u00e7o da doen\u00e7a no Nordeste. A an\u00e1lise, feita pela Ag\u00eancia Tatu, tem como base os dados fornecidos pelo Minist\u00e9rio da Sa\u00fade e calculados pela plataforma Covid\u00f4metro, uma ferramenta desenvolvida por pesquisadores da Universidade Federal de Campina Grande, na Para\u00edba.<\/p>\n<p>Alagoas tamb\u00e9m se destaca, na terceira posi\u00e7\u00e3o entre os estados do Nordeste, quanto \u00e0 velocidade de \u00f3bitos: uma v\u00edtima a cada 1 dia, 19 horas e 48 minutos, de acordo an\u00e1lise feita na \u00faltima quarta-feira (03). Os c\u00e1lculos, extra\u00eddos do Covid\u00f4metro no dia 1\u00ba de Junho, s\u00e3o feitos considerando a propor\u00e7\u00e3o para cada 100 mil habitantes, com registros a partir do dia oito de mar\u00e7o, e atualizados constantemente. Por esse motivo, podem apresentar varia\u00e7\u00e3o de um dia para o outro.<\/p>\n<p>Mesmo com decretos determinando o isolamento social desde mar\u00e7o, mais de 12 mil pessoas j\u00e1 testaram positivo para a doen\u00e7a, de acordo com o \u00faltimo boletim divulgado pela Secretaria de Estado da Sa\u00fade (Sesau). Na semana passada o estado atingiu 1.065 novos casos, o maior n\u00famero de registros em um \u00fanico dia. Desde o come\u00e7o da pandemia, pelo menos 506 pessoas perderam a vida.<\/p>\n<p>A situa\u00e7\u00e3o de Alagoas \u00e9 considerada tr\u00e1gica. O pesquisador Maxwell Guimar\u00e3es de Oliveira, um dos desenvolvedores do Covid\u00f4metro, explica que as classifica\u00e7\u00f5es (situa\u00e7\u00e3o de normalidade, controlada, grave, cr\u00edtica e tr\u00e1gica) servem de alerta e demandam uma a\u00e7\u00e3o r\u00e1pida de controle.<\/p>\n<p>\u201cSe Alagoas, por exemplo, permanecer nessa situa\u00e7\u00e3o tr\u00e1gica por muito tempo, falando de mortes, vamos chegar num momento que vai estar morrendo mais gente de Covid-19 do que de qualquer outra doen\u00e7a\u201d, afirma o pesquisador tendo como base a taxa de mortalidade do novo coronav\u00edrus e o relat\u00f3rio anual de mortalidade, do Minist\u00e9rio da Sa\u00fade.<\/p>\n<p>Para Oliveira, os dados calculados pela ferramenta tamb\u00e9m permitem que a popula\u00e7\u00e3o entenda de forma did\u00e1tica como a doen\u00e7a avan\u00e7a e pode servir para orientar governantes em rela\u00e7\u00e3o a retomada das atividades.<\/p>\n<p>\u201cA ideia principal \u00e9 dar mais informa\u00e7\u00e3o para que os estados e governantes observem com cautela. Porque se decidirem reabrir num momento errado, podem colocar tudo a perder: o esfor\u00e7o feito antes e o que est\u00e1 sendo feito agora. (\u2026)Eu vejo [a reabertura] com uma certa preocupa\u00e7\u00e3o, porque o Covid\u00f4metro mostra que em algumas cidades, alguns estados, o v\u00edrus ainda est\u00e1 avan\u00e7ando muito rapidamente\u201d, concluiu.<\/p>\n<p>Procurada, a Secretaria de Estado da Sa\u00fade reconhece o avan\u00e7o da Covid-19 em Alagoas e disse que medidas est\u00e3o sendo tomadas para evitar um cen\u00e1rio ainda pior.<\/p>\n<p>\u201cO Governo de Alagoas mant\u00e9m, em execu\u00e7\u00e3o, as pol\u00edticas de enfrentamento \u00e0 pandemia da Covid-19 diante de um cen\u00e1rio em que a doen\u00e7a segue se expandindo pelo Estado. Segue em vigor o decreto de isolamento social determinado pelo governo, al\u00e9m da disposi\u00e7\u00e3o dos leitos exclusivos para o tratamento da Covid-19\u201d, afirmou em nota.<\/p>\n<p>Para dar conta dos casos confirmados que necessitam de interna\u00e7\u00e3o, 1.051 leitos est\u00e3o sendo disponibilizados em v\u00e1rias unidades de sa\u00fade, de acordo com a secretaria, que tamb\u00e9m ressalta os atendimentos oferecidos por meio das Centrais de Triagem e investimentos para conter o avan\u00e7o da doen\u00e7a no interior do estado.<\/p>\n<p>Sobre a retomada das atividades, a pasta esclareceu que essa avalia\u00e7\u00e3o \u00e9 feita com base em dados repassados por ela, para um grupo de trabalho comandado pelo Gabinete Civil e pela Secretaria do Desenvolvimento Econ\u00f4mico e do Turismo.<\/p>\n<p>&nbsp;<\/p>\n<p><strong>Fonte: Ag\u00eancia Tatu com TNH1<\/strong><\/p>\n<p>&nbsp;<\/p>\n","protected":false},"excerpt":{"rendered":"<p>Os casos de Covid-19 t\u00eam avan\u00e7ado em todo o pa\u00eds e em Alagoas n\u00e3o \u00e9 diferente. Dados do Minist\u00e9rio da Sa\u00fade apontam que, por aqui, a cada 1 hora e 16 minutos um novo caso da doen\u00e7a \u00e9 registrado, sendo assim o estado com o maior avan\u00e7o da doen\u00e7a no Nordeste. A an\u00e1lise, feita pela &hellip;<\/p>\n","protected":false},"author":1,"featured_media":7060,"comment_status":"open","ping_status":"open","sticky":false,"template":"","format":"standard","meta":{"_jetpack_newsletter_access":"","_jetpack_dont_email_post_to_subs":false,"_jetpack_newsletter_tier_id":0,"_jetpack_memberships_contains_paywalled_content":false,"_jetpack_memberships_contains_paid_content":false,"footnotes":""},"categories":[1],"tags":[],"class_list":["post-7059","post","type-post","status-publish","format-standard","has-post-thumbnail","hentry","category-destaque"],"jetpack_sharing_enabled":true,"jetpack_featured_media_url":"","_links":{"self":[{"href":"https:\/\/www.oparanews.com.br\/index.php\/wp-json\/wp\/v2\/posts\/7059","targetHints":{"allow":["GET"]}}],"collection":[{"href":"https:\/\/www.oparanews.com.br\/index.php\/wp-json\/wp\/v2\/posts"}],"about":[{"href":"https:\/\/www.oparanews.com.br\/index.php\/wp-json\/wp\/v2\/types\/post"}],"author":[{"embeddable":true,"href":"https:\/\/www.oparanews.com.br\/index.php\/wp-json\/wp\/v2\/users\/1"}],"replies":[{"embeddable":true,"href":"https:\/\/www.oparanews.com.br\/index.php\/wp-json\/wp\/v2\/comments?post=7059"}],"version-history":[{"count":0,"href":"https:\/\/www.oparanews.com.br\/index.php\/wp-json\/wp\/v2\/posts\/7059\/revisions"}],"wp:attachment":[{"href":"https:\/\/www.oparanews.com.br\/index.php\/wp-json\/wp\/v2\/media?parent=7059"}],"wp:term":[{"taxonomy":"category","embeddable":true,"href":"https:\/\/www.oparanews.com.br\/index.php\/wp-json\/wp\/v2\/categories?post=7059"},{"taxonomy":"post_tag","embeddable":true,"href":"https:\/\/www.oparanews.com.br\/index.php\/wp-json\/wp\/v2\/tags?post=7059"}],"curies":[{"name":"wp","href":"https:\/\/api.w.org\/{rel}","templated":true}]}}