{"id":7062,"date":"2020-06-05T14:03:53","date_gmt":"2020-06-05T14:03:53","guid":{"rendered":"https:\/\/oparanews.com.br\/?p=7062"},"modified":"2020-06-05T14:03:53","modified_gmt":"2020-06-05T14:03:53","slug":"miguel-falabella-e-dispensado-pela-globo","status":"publish","type":"post","link":"https:\/\/www.oparanews.com.br\/index.php\/2020\/06\/05\/miguel-falabella-e-dispensado-pela-globo\/","title":{"rendered":"Miguel Falabella \u00e9 dispensado pela Globo"},"content":{"rendered":"<p>Miguel Falabella foi dispensado pela Globo ap\u00f3s 38 anos de casa. O ator foi comunicado que seu contrato n\u00e3o seria renovado na quinta-feira (4). A demiss\u00e3o do diretor acontece em meio \u00e0 pol\u00edtica de cortes de gastos que a emissora est\u00e1 implementando por conta da pandemia do coronav\u00edrus, que reduziu as receitas publicit\u00e1rias da empresa.<\/p>\n<p>A informa\u00e7\u00e3o foi dada em primeira m\u00e3o pela colunista Patr\u00edcia Kogut, do jornal O Globo, e confirmada pelo Not\u00edcias da TV. O motivo da demiss\u00e3o do dramaturgo seria o alto sal\u00e1rio e baixa produ\u00e7\u00e3o.<\/p>\n<p>Falabella entrou na Globo em 1982, e a primeira novela em que atuou foi Sol de Ver\u00e3o (1993), de Manoel Carlos. Ele n\u00e3o parou mais: fez Selva de Pedra (1986), Amor com Amor se Paga (1984), Tieta (1989), Livre para Voar (1984), O Outro (1987), Mico Preto (1990), A Viagem (1994), Cara &amp; Coroa (1995) e a miniss\u00e9rie As Noivas de Copacabana (1992).<\/p>\n<p>Sua primeira novela como autor foi Salsa e Merengue (1996), em coautoria com Maria Carmem Barbosa, assim como A Lua Me Disse (2005). Tamb\u00e9m escreveu Neg\u00f3cio da China (2008) e Aquele Beijo (2012).<\/p>\n<p>Se destacou como roteirista das s\u00e9ries de humor Sai de Baixo (1996-2002), em que conquistou o p\u00fablico com o ranzinza Caco Antibes; Toma L\u00e1, D\u00e1 C\u00e1 (2007-2009) e P\u00e9 na Cova (2013-2016). Falabella ainda apresentou o extinto V\u00eddeo Show (1983-2019) durante 15 anos, entre 1987 e 2001.<\/p>\n<p>O \u00faltimo projeto do diretor no Grupo Globo foi Eu, Minha Av\u00f3 e a Boi (2019), s\u00e9rie disponibilizada no Globoplay e baseada em mensagens publicadas no Twitter por Eduardo Hanzo.<\/p>\n<p>No ano passado, ele j\u00e1 tinha dito que pretendia deixar a emissora para &#8220;ter mais liberdade&#8221;. Durante o 47\u00ba Festival de Cinema de Gramado, em que lan\u00e7ou seu filme Veneza (2019), ele revelou que n\u00e3o pretendia renovar o contrato de exclusividade que mantinha com a emissora e que venceria dali a ano e meio.<\/p>\n<p><strong>Demiss\u00f5es na Globo<\/strong><\/p>\n<p>Assim como a dispensa de Jos\u00e9 de Abreu, a sa\u00edda de Falabella da Globo est\u00e1 no contexto de cortes de despesas de at\u00e9 20% que o Not\u00edcias da TV adiantou no in\u00edcio da semana. A emissora n\u00e3o est\u00e1 renovando o contrato de quem n\u00e3o tem previs\u00e3o de novos trabalho.<\/p>\n<p>A pandemia da Covid-19 obrigou a empresa a acelerar mudan\u00e7as previstas no projeto Uma S\u00f3 Globo, que unifica cinco unidades de neg\u00f3cios, entre elas a Globosat e o Globoplay. Vai haver cortes de custos, o que inclui demiss\u00f5es, mas n\u00e3o um passaralho, segundo o CFO (chief financial officer\/diretor financeiro), Manuel Belmar da Costa.<\/p>\n<p>&nbsp;<\/p>\n<p><strong>Fonte: Not\u00edcias da TV<\/strong><\/p>\n<p>&nbsp;<\/p>\n","protected":false},"excerpt":{"rendered":"<p>Miguel Falabella foi dispensado pela Globo ap\u00f3s 38 anos de casa. O ator foi comunicado que seu contrato n\u00e3o seria renovado na quinta-feira (4). A demiss\u00e3o do diretor acontece em meio \u00e0 pol\u00edtica de cortes de gastos que a emissora est\u00e1 implementando por conta da pandemia do coronav\u00edrus, que reduziu as receitas publicit\u00e1rias da empresa. &hellip;<\/p>\n","protected":false},"author":1,"featured_media":7063,"comment_status":"open","ping_status":"open","sticky":false,"template":"","format":"standard","meta":{"_jetpack_newsletter_access":"","_jetpack_dont_email_post_to_subs":false,"_jetpack_newsletter_tier_id":0,"_jetpack_memberships_contains_paywalled_content":false,"_jetpack_memberships_contains_paid_content":false,"footnotes":""},"categories":[1],"tags":[],"class_list":["post-7062","post","type-post","status-publish","format-standard","has-post-thumbnail","hentry","category-destaque"],"jetpack_sharing_enabled":true,"jetpack_featured_media_url":"","_links":{"self":[{"href":"https:\/\/www.oparanews.com.br\/index.php\/wp-json\/wp\/v2\/posts\/7062","targetHints":{"allow":["GET"]}}],"collection":[{"href":"https:\/\/www.oparanews.com.br\/index.php\/wp-json\/wp\/v2\/posts"}],"about":[{"href":"https:\/\/www.oparanews.com.br\/index.php\/wp-json\/wp\/v2\/types\/post"}],"author":[{"embeddable":true,"href":"https:\/\/www.oparanews.com.br\/index.php\/wp-json\/wp\/v2\/users\/1"}],"replies":[{"embeddable":true,"href":"https:\/\/www.oparanews.com.br\/index.php\/wp-json\/wp\/v2\/comments?post=7062"}],"version-history":[{"count":0,"href":"https:\/\/www.oparanews.com.br\/index.php\/wp-json\/wp\/v2\/posts\/7062\/revisions"}],"wp:attachment":[{"href":"https:\/\/www.oparanews.com.br\/index.php\/wp-json\/wp\/v2\/media?parent=7062"}],"wp:term":[{"taxonomy":"category","embeddable":true,"href":"https:\/\/www.oparanews.com.br\/index.php\/wp-json\/wp\/v2\/categories?post=7062"},{"taxonomy":"post_tag","embeddable":true,"href":"https:\/\/www.oparanews.com.br\/index.php\/wp-json\/wp\/v2\/tags?post=7062"}],"curies":[{"name":"wp","href":"https:\/\/api.w.org\/{rel}","templated":true}]}}