{"id":7065,"date":"2020-06-06T00:29:08","date_gmt":"2020-06-06T00:29:08","guid":{"rendered":"https:\/\/oparanews.com.br\/?p=7065"},"modified":"2020-06-06T00:29:08","modified_gmt":"2020-06-06T00:29:08","slug":"penedo-tem-78-casos-confirmados-de-covid-19","status":"publish","type":"post","link":"https:\/\/www.oparanews.com.br\/index.php\/2020\/06\/06\/penedo-tem-78-casos-confirmados-de-covid-19\/","title":{"rendered":"Penedo tem 78 casos confirmados de Covid -19"},"content":{"rendered":"<p>O boletim epidemiol\u00f3gico Covid-19 produzido pela Secretaria Municipal de Sa\u00fade de Penedo \u00e9 atualizado diariamente com o objetivo de informar a popula\u00e7\u00e3o penedense sobre os \u00faltimos dados relacionados ao Corona v\u00edrus na cidade.<\/p>\n<p>Na atualiza\u00e7\u00e3o desta sexta-feira (5), os dados recentes apontam 78 casos confirmados da doen\u00e7a em Penedo, um aumento de 14 ocorr\u00eancias de covid-19, desde a edi\u00e7\u00e3o da \u00faltima quinta (4).<\/p>\n<p>As informa\u00e7\u00f5es divulgadas hoje mostram ainda que Penedo possui 161 pessoas monitoradas e 05 casos considerados suspeitos, aqueles que aguardam resultados de exame PCR- Prote\u00edna C Reativa.<\/p>\n<p><a href=\"https:\/\/oparanews.com.br\/wp-content\/uploads\/2020\/06\/aaaaaaaaaaaaaaaaaaaaaa-41.jpg\"><img loading=\"lazy\" decoding=\"async\" class=\"alignleft size-medium wp-image-7066\" src=\"https:\/\/oparanews.com.br\/wp-content\/uploads\/2020\/06\/aaaaaaaaaaaaaaaaaaaaaa-41-273x300.jpg\" alt=\"\" width=\"273\" height=\"300\" \/><\/a>A SEMS Penedo alerta tamb\u00e9m que o aumento dos casos confirmados da doen\u00e7a, n\u00e3o precisam necessariamente passar pela categoria de casos suspeitos, por poderem ser confirmados por meio da realiza\u00e7\u00e3o de testes r\u00e1pidos.<\/p>\n<p>Os demais dados do Boletim Covid-19 apontam para 88 casos descartados, 11 recuperados e 2 \u00f3bitos.<\/p>\n<p>Com rela\u00e7\u00e3o as estat\u00edsticas por bairros ou povoados, a maior parte deles est\u00e1 localizada no Bairro de Santa Luzia com 16 casos, seguindo pelo Bairro Dom Constantino com 15 e o povoado Palmeira Alta na Zona Rural, com 13 pessoas doentes.<\/p>\n<p>Apesar dos aumentos recentes de casos confirmados, Penedo segue com baixo \u00edndice de infec\u00e7\u00e3o, quando comparado a outros munic\u00edpios de Alagoas, gra\u00e7as ao trabalho realizado pela Prefeitura de Penedo no controle dos acessos a cidade e tamb\u00e9m das medidas que favorecem o isolamento social por meio do decreto emergencial.<\/p>\n<p>&nbsp;<\/p>\n<p><strong>por Thiago Sobral &#8211; Decom (PMP)<\/strong><\/p>\n<p><a href=\"https:\/\/oparanews.com.br\/wp-content\/uploads\/2020\/06\/aaaaaaaaaaaaaaaaaaaaaa-42.jpg\"><img loading=\"lazy\" decoding=\"async\" class=\"alignleft size-medium wp-image-7067\" src=\"https:\/\/oparanews.com.br\/wp-content\/uploads\/2020\/06\/aaaaaaaaaaaaaaaaaaaaaa-42-273x300.jpg\" alt=\"\" width=\"273\" height=\"300\" \/><\/a><\/p>\n","protected":false},"excerpt":{"rendered":"<p>O boletim epidemiol\u00f3gico Covid-19 produzido pela Secretaria Municipal de Sa\u00fade de Penedo \u00e9 atualizado diariamente com o objetivo de informar a popula\u00e7\u00e3o penedense sobre os \u00faltimos dados relacionados ao Corona v\u00edrus na cidade. Na atualiza\u00e7\u00e3o desta sexta-feira (5), os dados recentes apontam 78 casos confirmados da doen\u00e7a em Penedo, um aumento de 14 ocorr\u00eancias de &hellip;<\/p>\n","protected":false},"author":1,"featured_media":7068,"comment_status":"open","ping_status":"open","sticky":false,"template":"","format":"standard","meta":{"_jetpack_newsletter_access":"","_jetpack_dont_email_post_to_subs":false,"_jetpack_newsletter_tier_id":0,"_jetpack_memberships_contains_paywalled_content":false,"_jetpack_memberships_contains_paid_content":false,"footnotes":""},"categories":[1],"tags":[],"class_list":["post-7065","post","type-post","status-publish","format-standard","has-post-thumbnail","hentry","category-destaque"],"jetpack_sharing_enabled":true,"jetpack_featured_media_url":"","_links":{"self":[{"href":"https:\/\/www.oparanews.com.br\/index.php\/wp-json\/wp\/v2\/posts\/7065","targetHints":{"allow":["GET"]}}],"collection":[{"href":"https:\/\/www.oparanews.com.br\/index.php\/wp-json\/wp\/v2\/posts"}],"about":[{"href":"https:\/\/www.oparanews.com.br\/index.php\/wp-json\/wp\/v2\/types\/post"}],"author":[{"embeddable":true,"href":"https:\/\/www.oparanews.com.br\/index.php\/wp-json\/wp\/v2\/users\/1"}],"replies":[{"embeddable":true,"href":"https:\/\/www.oparanews.com.br\/index.php\/wp-json\/wp\/v2\/comments?post=7065"}],"version-history":[{"count":0,"href":"https:\/\/www.oparanews.com.br\/index.php\/wp-json\/wp\/v2\/posts\/7065\/revisions"}],"wp:attachment":[{"href":"https:\/\/www.oparanews.com.br\/index.php\/wp-json\/wp\/v2\/media?parent=7065"}],"wp:term":[{"taxonomy":"category","embeddable":true,"href":"https:\/\/www.oparanews.com.br\/index.php\/wp-json\/wp\/v2\/categories?post=7065"},{"taxonomy":"post_tag","embeddable":true,"href":"https:\/\/www.oparanews.com.br\/index.php\/wp-json\/wp\/v2\/tags?post=7065"}],"curies":[{"name":"wp","href":"https:\/\/api.w.org\/{rel}","templated":true}]}}