{"id":7075,"date":"2020-06-06T21:46:54","date_gmt":"2020-06-06T21:46:54","guid":{"rendered":"https:\/\/oparanews.com.br\/?p=7075"},"modified":"2020-06-06T21:46:54","modified_gmt":"2020-06-06T21:46:54","slug":"alagoas-pede-de-volta-recursos-do-bolsa-familia-retirados-pelo-governo-federal","status":"publish","type":"post","link":"https:\/\/www.oparanews.com.br\/index.php\/2020\/06\/06\/alagoas-pede-de-volta-recursos-do-bolsa-familia-retirados-pelo-governo-federal\/","title":{"rendered":"Alagoas pede de volta recursos do Bolsa Fam\u00edlia retirados pelo governo federal"},"content":{"rendered":"<p>O procurador-geral do Estado de Alagoas, Francisco Malaquias, assinou nesta sexta-feira (05), ao lado dos demais procuradores-gerais do Nordeste, um pedido para que o Supremo Tribunal Federal (STF) determine que o presidente Jair Bolsonaro suspenda o corte de R$ 83,9 milh\u00f5es do Bolsa Fam\u00edlia para regi\u00e3o. A portaria 13474\/2020 do Minist\u00e9rio da Cidadania assinada no dia 2 de junho remanejou os recursos dentro do governo tirando essa verba do programa para utilizar na expans\u00e3o da publicidade oficial. O pedido foi protocolado dentro da A\u00e7\u00e3o C\u00edvel Ordin\u00e1ria (ACO) 3359, que est\u00e1 sob relatoria do ministro Marco Aur\u00e9lio Mello.<\/p>\n<p>Alagoas, Bahia, Cear\u00e1, Maranh\u00e3o, Para\u00edba, Pernambuco, Piau\u00ed e Rio Grande do Norte, pedem que o governo federal justifique a concentra\u00e7\u00e3o de cortes no programa no Nordeste e recomponha o valor retirado. \u201cReiteramos o pedido contextualizando com a crise na sa\u00fade que o Pa\u00eds atravessa. Vale lembrar que mesmo diante do estado de calamidade p\u00fablica pela pandemia do coronav\u00edrus, o governo federal n\u00e3o s\u00f3 manteve a restri\u00e7\u00e3o de novos registros de fam\u00edlias nordestinas como efetuou corte desproporcionais de bolsas\u201d, afirma o procurador-geral. \u201c\u00c9 uma situa\u00e7\u00e3o que n\u00e3o tem justificativa. A Uni\u00e3o j\u00e1 teve v\u00e1rias oportunidades de prestar informa\u00e7\u00f5es e n\u00e3o o fez\u201d, completou.<\/p>\n<p>Al\u00e9m da suspens\u00e3o dos cortes atuais, os estados querem a libera\u00e7\u00e3o imediata de recursos para novas inscri\u00e7\u00f5es no programa, observando a proporcionalidade da m\u00e9dia de novas inscri\u00e7\u00f5es liberadas para os demais estados da federa\u00e7\u00e3o. E pedem que o STF aponte para que a Uni\u00e3o passe a indicar os crit\u00e9rios e o eventual cronograma para a concess\u00e3o dos benef\u00edcios e de eventuais cortes, de modo a contemplar de maneira ison\u00f4mica e equ\u00e2nime os brasileiros que necessitam do programa e que residem no Nordeste.<\/p>\n<p>&nbsp;<\/p>\n<p><strong>Fonte: Ag\u00eancia Alagoas<\/strong><\/p>\n<p>&nbsp;<\/p>\n","protected":false},"excerpt":{"rendered":"<p>O procurador-geral do Estado de Alagoas, Francisco Malaquias, assinou nesta sexta-feira (05), ao lado dos demais procuradores-gerais do Nordeste, um pedido para que o Supremo Tribunal Federal (STF) determine que o presidente Jair Bolsonaro suspenda o corte de R$ 83,9 milh\u00f5es do Bolsa Fam\u00edlia para regi\u00e3o. A portaria 13474\/2020 do Minist\u00e9rio da Cidadania assinada no &hellip;<\/p>\n","protected":false},"author":1,"featured_media":7076,"comment_status":"open","ping_status":"open","sticky":false,"template":"","format":"standard","meta":{"_jetpack_newsletter_access":"","_jetpack_dont_email_post_to_subs":false,"_jetpack_newsletter_tier_id":0,"_jetpack_memberships_contains_paywalled_content":false,"_jetpack_memberships_contains_paid_content":false,"footnotes":""},"categories":[1],"tags":[],"class_list":["post-7075","post","type-post","status-publish","format-standard","has-post-thumbnail","hentry","category-destaque"],"jetpack_sharing_enabled":true,"jetpack_featured_media_url":"","_links":{"self":[{"href":"https:\/\/www.oparanews.com.br\/index.php\/wp-json\/wp\/v2\/posts\/7075","targetHints":{"allow":["GET"]}}],"collection":[{"href":"https:\/\/www.oparanews.com.br\/index.php\/wp-json\/wp\/v2\/posts"}],"about":[{"href":"https:\/\/www.oparanews.com.br\/index.php\/wp-json\/wp\/v2\/types\/post"}],"author":[{"embeddable":true,"href":"https:\/\/www.oparanews.com.br\/index.php\/wp-json\/wp\/v2\/users\/1"}],"replies":[{"embeddable":true,"href":"https:\/\/www.oparanews.com.br\/index.php\/wp-json\/wp\/v2\/comments?post=7075"}],"version-history":[{"count":0,"href":"https:\/\/www.oparanews.com.br\/index.php\/wp-json\/wp\/v2\/posts\/7075\/revisions"}],"wp:attachment":[{"href":"https:\/\/www.oparanews.com.br\/index.php\/wp-json\/wp\/v2\/media?parent=7075"}],"wp:term":[{"taxonomy":"category","embeddable":true,"href":"https:\/\/www.oparanews.com.br\/index.php\/wp-json\/wp\/v2\/categories?post=7075"},{"taxonomy":"post_tag","embeddable":true,"href":"https:\/\/www.oparanews.com.br\/index.php\/wp-json\/wp\/v2\/tags?post=7075"}],"curies":[{"name":"wp","href":"https:\/\/api.w.org\/{rel}","templated":true}]}}