{"id":7078,"date":"2020-06-06T21:51:07","date_gmt":"2020-06-06T21:51:07","guid":{"rendered":"https:\/\/oparanews.com.br\/?p=7078"},"modified":"2020-06-06T21:51:07","modified_gmt":"2020-06-06T21:51:07","slug":"casos-de-covid-19-no-mundo-atingem-mais-de-7-milhoes","status":"publish","type":"post","link":"https:\/\/www.oparanews.com.br\/index.php\/2020\/06\/06\/casos-de-covid-19-no-mundo-atingem-mais-de-7-milhoes\/","title":{"rendered":"Casos de covid-19 no mundo atingem mais de 7 milh\u00f5es"},"content":{"rendered":"<p>Os casos de Covid-19 no mundo superaram a marca dos 7 milh\u00f5es neste s\u00e1bado, com salto no n\u00famero de ocorr\u00eancias no Brasil e na \u00cdndia, segundo contagem da Reuters.<\/p>\n<p>No entanto a contagem da universidade Johns Hopkins ainda marca cerca de 6,8 milh\u00f5es de infectados. J\u00e1 a Organiza\u00e7\u00e3o Mundial da Sa\u00fade (OMS) aponta que existem 6,6 milh\u00f5es de casos.<\/p>\n<p>Cerca de 30% destes casos, ou 2 milh\u00f5es de infec\u00e7\u00f5es, est\u00e3o nos Estados Unidos. A Am\u00e9rica Latina tem o segundo maior n\u00famero, com 15% dos casos.<\/p>\n<p>No mundo, as mortes causadas pelo novo coronav\u00edrus se aproximam de 400 mil. Os EUA contam cerca de 25% das mortes, mas na Am\u00e9rica do Sul o registro tem rapidamente crescido, puxado pelo Brasil.<\/p>\n<p>O n\u00famero de mortes vinculadas \u00e0 covid-19 em cinco meses no mundo \u00e9 agora igual ao n\u00famero de pessoas mortas anualmente por mal\u00e1ria, uma das doen\u00e7as infecciosas que mais matam.<\/p>\n<p>A primeira morte por Covid-10 foi registrada em 10 de janeiro, em Wuhan, na China. Em abril, o n\u00famero de mortos j\u00e1 superava 100 mil, segundo levantamento da Reuters com base em dados oficiais de governos ao redor do mundo. A doen\u00e7a precisou de 23 dias para sair de 300 mil para 400 mil mortes.<\/p>\n<p>Os EUA s\u00e3o o pa\u00eds com maior n\u00famero de mortos de Covid-19, quase 110 mil. Mas o Brasil est\u00e1 rapidamente alcan\u00e7ando e poder\u00e1 superar o Reino Unido ao registrar o segundo maior n\u00famero de mortes pelo novo coronav\u00edrus no mundo.<\/p>\n<p>Na sexta-feira, o Minist\u00e9rio da Sa\u00fade informou que o Brasil registrou mais 1.005 mortes em decorr\u00eancia do novo coronav\u00edrus, elevando a contagem total para 35.026. O n\u00famero de casos cresceu em 30.830 novas infec\u00e7\u00f5es, o que fez com o total no pa\u00eds atingir 645.771, segundo o minist\u00e9rio.<\/p>\n<p>O n\u00famero de mortos no mundo \u00e9 provavelmente maior que o oficialmente informado pelos governos uma vez que muitos pa\u00edses n\u00e3o fazem testes de todas as v\u00edtimas e alguns deles n\u00e3o contam mortos fora de hospitais.<\/p>\n<p>&nbsp;<\/p>\n<p><strong>Fonte: Exame<\/strong><\/p>\n<p>&nbsp;<\/p>\n","protected":false},"excerpt":{"rendered":"<p>Os casos de Covid-19 no mundo superaram a marca dos 7 milh\u00f5es neste s\u00e1bado, com salto no n\u00famero de ocorr\u00eancias no Brasil e na \u00cdndia, segundo contagem da Reuters. No entanto a contagem da universidade Johns Hopkins ainda marca cerca de 6,8 milh\u00f5es de infectados. J\u00e1 a Organiza\u00e7\u00e3o Mundial da Sa\u00fade (OMS) aponta que existem &hellip;<\/p>\n","protected":false},"author":1,"featured_media":7079,"comment_status":"open","ping_status":"open","sticky":false,"template":"","format":"standard","meta":{"_jetpack_newsletter_access":"","_jetpack_dont_email_post_to_subs":false,"_jetpack_newsletter_tier_id":0,"_jetpack_memberships_contains_paywalled_content":false,"_jetpack_memberships_contains_paid_content":false,"footnotes":""},"categories":[1],"tags":[],"class_list":["post-7078","post","type-post","status-publish","format-standard","has-post-thumbnail","hentry","category-destaque"],"jetpack_sharing_enabled":true,"jetpack_featured_media_url":"","_links":{"self":[{"href":"https:\/\/www.oparanews.com.br\/index.php\/wp-json\/wp\/v2\/posts\/7078","targetHints":{"allow":["GET"]}}],"collection":[{"href":"https:\/\/www.oparanews.com.br\/index.php\/wp-json\/wp\/v2\/posts"}],"about":[{"href":"https:\/\/www.oparanews.com.br\/index.php\/wp-json\/wp\/v2\/types\/post"}],"author":[{"embeddable":true,"href":"https:\/\/www.oparanews.com.br\/index.php\/wp-json\/wp\/v2\/users\/1"}],"replies":[{"embeddable":true,"href":"https:\/\/www.oparanews.com.br\/index.php\/wp-json\/wp\/v2\/comments?post=7078"}],"version-history":[{"count":0,"href":"https:\/\/www.oparanews.com.br\/index.php\/wp-json\/wp\/v2\/posts\/7078\/revisions"}],"wp:attachment":[{"href":"https:\/\/www.oparanews.com.br\/index.php\/wp-json\/wp\/v2\/media?parent=7078"}],"wp:term":[{"taxonomy":"category","embeddable":true,"href":"https:\/\/www.oparanews.com.br\/index.php\/wp-json\/wp\/v2\/categories?post=7078"},{"taxonomy":"post_tag","embeddable":true,"href":"https:\/\/www.oparanews.com.br\/index.php\/wp-json\/wp\/v2\/tags?post=7078"}],"curies":[{"name":"wp","href":"https:\/\/api.w.org\/{rel}","templated":true}]}}