{"id":7081,"date":"2020-06-06T22:14:28","date_gmt":"2020-06-06T22:14:28","guid":{"rendered":"https:\/\/oparanews.com.br\/?p=7081"},"modified":"2020-06-06T22:14:28","modified_gmt":"2020-06-06T22:14:28","slug":"marcos-barbosa-confirma-retorno-dos-treinos-no-crb-a-partir-de-15-de-junho","status":"publish","type":"post","link":"https:\/\/www.oparanews.com.br\/index.php\/2020\/06\/06\/marcos-barbosa-confirma-retorno-dos-treinos-no-crb-a-partir-de-15-de-junho\/","title":{"rendered":"Marcos Barbosa confirma retorno dos treinos no CRB a partir de 15 de junho"},"content":{"rendered":"<p>O CRB j\u00e1 tem previs\u00e3o para o retorno das atividades no Centro de Treinamentos Ninho do Galo: a partir do dia 15 de junho. A informa\u00e7\u00e3o foi confirmada \u00e0 Gazetaweb, na tarde desta sexta-feira (5), pelo presidente regatiano, Marcos Barbosa.<\/p>\n<p>&#8220;Eu falei em uma live ontem que dever\u00edamos voltar dia 15 e hoje ap\u00f3s uma reuni\u00e3o realizada na Selaj foi confirmado que o novo decreto ter\u00e1 a libera\u00e7\u00e3o das atividades esportivas. O CRB j\u00e1 est\u00e1 com tudo pronto para voltar&#8221;, disse o mandat\u00e1rio do Galo da Praia. Vale ressaltar que o atual decreto do governo do Estado \u00e9 v\u00e1lido at\u00e9 o pr\u00f3ximo 10 dia de junho.<\/p>\n<p>De acordo com Barbosa, neste primeiro momento, apenas a equipe profissional retornar\u00e1. A medida tem como objetivo evitar aglomera\u00e7\u00f5es, tendo em vista que as categorias de base do clube contam com cerca de 150 atletas.<\/p>\n<p>Ele disse ainda que os treinos no CT alvirrubro acontecer\u00e3o somente em um per\u00edodo. Junto ao retorno, testes para o novo coronav\u00edrus (Covid-19) tamb\u00e9m ser\u00e3o realizados nos atletas, comiss\u00e3o t\u00e9cnica e funcion\u00e1rios. Em caso de sintomas da doen\u00e7a, o profissional ser\u00e1 afastado e reintegrado ap\u00f3s o fim dos sintomas.<\/p>\n<p>Al\u00e9m disso, as pessoas s\u00f3 ter\u00e3o acesso ao Ninho do Galo utilizando m\u00e1scaras e tomando os devidos cuidados. J\u00e1 nos treinamentos, as normas dos \u00f3rg\u00e3os de sa\u00fade tamb\u00e9m ser\u00e3o respeitados. Por isso, os atletas ter\u00e3o que respeitar a dist\u00e2ncia m\u00ednima de dois metros.<\/p>\n<p>O dirigente disse ainda que haver\u00e1 checagem da temperatura corporal dos atletas na chegada ao CT todos os dias, al\u00e9m de um acompanhamento de feito por profissionais de sa\u00fade, juntamente a relat\u00f3rios que apresentam as condi\u00e7\u00f5es de todos os testados.<\/p>\n<p>&#8220;N\u00f3s teremos uma enfermeira que medir\u00e1 a temperatura de todos que chegarem l\u00e1 e far\u00e1 anota\u00e7\u00f5es para que em caso de qualquer sintoma retorne para casa. N\u00e3o tem gripezinha. Teve o sintoma, n\u00e3o treina&#8221;, afirmou Barbosa, que tamb\u00e9m revelou que o clube disponibilizar\u00e1 um kit com medicamentos para a recupera\u00e7\u00e3o do profissional que tiver sintomas do novo coronav\u00edrus.<\/p>\n<p>Quanto aos uniformes utilizados pelos atletas, o Regatas utilizar\u00e1 um m\u00e9todo semelhante ao do Internacional-RS. Os atletas ter\u00e3o tr\u00eas kits de uniformes e, ao utilizar um, n\u00e3o poder\u00e3o mud\u00e1-lo e ser\u00e1 o \u00fanico vestido no determinado dia. A higiene dos materiais fica a cargo de cada profissional.<\/p>\n<p>O presidente do Galo revelou que conversou com o presidente da Federa\u00e7\u00e3o Alagoana de Futebol (FAF), Felipe Feij\u00f3, nesta sexta (5). De acordo com Barbosa o retorno do Estadual n\u00e3o foi tema. &#8220;Conversei com o Felipe hoje, falei sobre o retorno dos treinos, mas a volta do Alagoano n\u00e3o foi conversado. Neste primeiro momento, ser\u00e3o apenas os treinos&#8221;, comentou Marcos Barbosa.<\/p>\n<p>&nbsp;<\/p>\n<p><strong>por Jean Nascimento\/Gazetaweb<\/strong><\/p>\n<p>&nbsp;<\/p>\n","protected":false},"excerpt":{"rendered":"<p>O CRB j\u00e1 tem previs\u00e3o para o retorno das atividades no Centro de Treinamentos Ninho do Galo: a partir do dia 15 de junho. A informa\u00e7\u00e3o foi confirmada \u00e0 Gazetaweb, na tarde desta sexta-feira (5), pelo presidente regatiano, Marcos Barbosa. &#8220;Eu falei em uma live ontem que dever\u00edamos voltar dia 15 e hoje ap\u00f3s uma &hellip;<\/p>\n","protected":false},"author":1,"featured_media":7082,"comment_status":"open","ping_status":"open","sticky":false,"template":"","format":"standard","meta":{"_jetpack_newsletter_access":"","_jetpack_dont_email_post_to_subs":false,"_jetpack_newsletter_tier_id":0,"_jetpack_memberships_contains_paywalled_content":false,"_jetpack_memberships_contains_paid_content":false,"footnotes":""},"categories":[1],"tags":[],"class_list":["post-7081","post","type-post","status-publish","format-standard","has-post-thumbnail","hentry","category-destaque"],"jetpack_sharing_enabled":true,"jetpack_featured_media_url":"","_links":{"self":[{"href":"https:\/\/www.oparanews.com.br\/index.php\/wp-json\/wp\/v2\/posts\/7081","targetHints":{"allow":["GET"]}}],"collection":[{"href":"https:\/\/www.oparanews.com.br\/index.php\/wp-json\/wp\/v2\/posts"}],"about":[{"href":"https:\/\/www.oparanews.com.br\/index.php\/wp-json\/wp\/v2\/types\/post"}],"author":[{"embeddable":true,"href":"https:\/\/www.oparanews.com.br\/index.php\/wp-json\/wp\/v2\/users\/1"}],"replies":[{"embeddable":true,"href":"https:\/\/www.oparanews.com.br\/index.php\/wp-json\/wp\/v2\/comments?post=7081"}],"version-history":[{"count":0,"href":"https:\/\/www.oparanews.com.br\/index.php\/wp-json\/wp\/v2\/posts\/7081\/revisions"}],"wp:attachment":[{"href":"https:\/\/www.oparanews.com.br\/index.php\/wp-json\/wp\/v2\/media?parent=7081"}],"wp:term":[{"taxonomy":"category","embeddable":true,"href":"https:\/\/www.oparanews.com.br\/index.php\/wp-json\/wp\/v2\/categories?post=7081"},{"taxonomy":"post_tag","embeddable":true,"href":"https:\/\/www.oparanews.com.br\/index.php\/wp-json\/wp\/v2\/tags?post=7081"}],"curies":[{"name":"wp","href":"https:\/\/api.w.org\/{rel}","templated":true}]}}