{"id":7084,"date":"2020-06-06T22:17:35","date_gmt":"2020-06-06T22:17:35","guid":{"rendered":"https:\/\/oparanews.com.br\/?p=7084"},"modified":"2020-06-06T22:17:35","modified_gmt":"2020-06-06T22:17:35","slug":"secretarios-de-saude-repudiam-proposta-de-recontar-mortos","status":"publish","type":"post","link":"https:\/\/www.oparanews.com.br\/index.php\/2020\/06\/06\/secretarios-de-saude-repudiam-proposta-de-recontar-mortos\/","title":{"rendered":"Secret\u00e1rios de Sa\u00fade repudiam proposta de recontar mortos"},"content":{"rendered":"<p>O Conselho Nacional de Secret\u00e1rios de Sa\u00fade (Conass), que re\u00fane os gestores dos 26 estados e do Distrito Federal, divulgou neste s\u00e1bado (6) uma nota em que repudia as afirma\u00e7\u00f5es do empres\u00e1rio Carlos Wizard, cotado para assumir um cargo estrat\u00e9gico no Minist\u00e9rio da Sa\u00fade.<\/p>\n<p>Wizard afirmou que o minist\u00e9rio vai revisar os dados de contaminados e mortos pelo novo coronav\u00edrus, com base em uma suspeita de que os estados estariam &#8220;inflando&#8221; os n\u00fameros.<\/p>\n<p>Na nota (leia a \u00edntegra abaixo), os secret\u00e1rios estaduais classificam a acusa\u00e7\u00e3o como uma &#8220;tentativa autorit\u00e1ria, insens\u00edvel, desumana e anti-\u00e9tica de dar invisibilidade aos mortos pela Covid-19&#8221;.<\/p>\n<p>Ainda de acordo com o Conass, ao levantar suspeita sobre os dados, Carlos Wizard revela &#8220;profunda ignor\u00e2ncia sobre o tema&#8221; e &#8220;insulta a mem\u00f3ria de todas aquelas v\u00edtimas indefesas desta terr\u00edvel pandemia e suas fam\u00edlias&#8221;.<\/p>\n<p>Como empres\u00e1rio, Carlos Wizard \u00e9 dono de empresas de venda de produtos naturais e de sistemas de pagamento virtual, al\u00e9m de uma rede de escolas de ingl\u00eas batizada com seu sobrenome.<\/p>\n<p>Desde a sa\u00edda do ministro Carlos Teich, em maio, Wizard vem sendo cotado para assumir a Secretaria de Ci\u00eancia, Tecnologia e Insumos Estrat\u00e9gicos. At\u00e9 este s\u00e1bado, a nomea\u00e7\u00e3o ainda n\u00e3o tinha sido publicada no &#8220;Di\u00e1rio Oficial da Uni\u00e3o&#8221;.<\/p>\n<p>A declara\u00e7\u00e3o de Wizard foi publicada pela coluna da jornalista Bela Megale, de &#8220;O Globo&#8221;. De acordo com o texto, Wizard disse que &#8220;tinha muita gente morrendo por outras causas e os gestores p\u00fablicos, puramente por interesse de ter um or\u00e7amento maior nos seus munic\u00edpios, nos seus estados, colocavam todo mundo como covid.&#8221;<\/p>\n<p>Ainda segundo a coluna, Wizard afirmou que o n\u00famero de mortos \u00e9 &#8220;fantasioso ou manipulado&#8221; e que, por isso, pedir\u00e1 a recontagem dos \u00f3bitos pelo novo coronav\u00edrus.<\/p>\n<p>A TV Globo e o G1 tentaram contato com Wizard e aguardavam retorno at\u00e9 a \u00faltima atualiza\u00e7\u00e3o desta reportagem.<\/p>\n<p>\u00cdntegra<\/p>\n<p>Leia abaixo a \u00edntegra da nota enviada pelo Conass:<\/p>\n<p>O CONASS repudia com veem\u00eancia e indigna\u00e7\u00e3o as levianas afirma\u00e7\u00f5es do Secret\u00e1rio de Ci\u00eancia, Tecnologia e Insumos Estrat\u00e9gicos do Minist\u00e9rio da Sa\u00fade, Carlos Wizard.<\/p>\n<p>Ao afirmar que Secret\u00e1rios de Sa\u00fade falseiam dados sobre \u00f3bitos decorrentes da Covid-19 em busca de mais &#8220;or\u00e7amento&#8221;, o Secret\u00e1rio al\u00e9m de revelar sua profunda ignor\u00e2ncia sobre o tema, insulta a mem\u00f3ria de todas aquelas v\u00edtimas indefesas desta terr\u00edvel pandemia e suas fam\u00edlias.<\/p>\n<p>A tentativa autorit\u00e1ria, insens\u00edvel, desumana e anti-\u00e9tica de dar invisibilidade aos mortos pela Covid-19, n\u00e3o prosperar\u00e1.<\/p>\n<p>N\u00f3s e a sociedade brasileira n\u00e3o os esqueceremos e tampouco a trag\u00e9dia que se abate sobre a na\u00e7\u00e3o.<\/p>\n<p>Ofende Secret\u00e1rios, m\u00e9dicos e todos os profissionais da sa\u00fade que t\u00eam se dedicado incansavelmente a salvar vidas.<\/p>\n<p>Wizard menospreza a intelig\u00eancia de todos os brasileiros, que num momento de tanto sofrimento e dor, veem seus entes queridos mortos tratados como &#8220;mercadoria&#8221;.<\/p>\n<p>Sua declara\u00e7\u00e3o grosseira, falaciosa, desprovida de qualquer senso \u00e9tico, de humanidade e de respeito, merece nosso profundo desprezo, rep\u00fadio e asco.<\/p>\n<p>N\u00e3o somos mercadores da morte.<\/p>\n<p>A vida \u00e9 nosso valor maior, com ela n\u00e3o se negocia, relativiza ou transige.<\/p>\n<p>O povo brasileiro \u00e9 forte e resiliente, seguiremos a seu lado e juntos para preservar sua sa\u00fade e salvar vidas.<\/p>\n<p>Alberto Beltrame<\/p>\n<p>Presidente do CONASS<\/p>\n<p>&nbsp;<\/p>\n<p><strong>Fonte: Gazetaweb<\/strong><\/p>\n<p>&nbsp;<\/p>\n","protected":false},"excerpt":{"rendered":"<p>O Conselho Nacional de Secret\u00e1rios de Sa\u00fade (Conass), que re\u00fane os gestores dos 26 estados e do Distrito Federal, divulgou neste s\u00e1bado (6) uma nota em que repudia as afirma\u00e7\u00f5es do empres\u00e1rio Carlos Wizard, cotado para assumir um cargo estrat\u00e9gico no Minist\u00e9rio da Sa\u00fade. Wizard afirmou que o minist\u00e9rio vai revisar os dados de contaminados &hellip;<\/p>\n","protected":false},"author":1,"featured_media":7085,"comment_status":"open","ping_status":"open","sticky":false,"template":"","format":"standard","meta":{"_jetpack_newsletter_access":"","_jetpack_dont_email_post_to_subs":false,"_jetpack_newsletter_tier_id":0,"_jetpack_memberships_contains_paywalled_content":false,"_jetpack_memberships_contains_paid_content":false,"footnotes":""},"categories":[1],"tags":[],"class_list":["post-7084","post","type-post","status-publish","format-standard","has-post-thumbnail","hentry","category-destaque"],"jetpack_sharing_enabled":true,"jetpack_featured_media_url":"","_links":{"self":[{"href":"https:\/\/www.oparanews.com.br\/index.php\/wp-json\/wp\/v2\/posts\/7084","targetHints":{"allow":["GET"]}}],"collection":[{"href":"https:\/\/www.oparanews.com.br\/index.php\/wp-json\/wp\/v2\/posts"}],"about":[{"href":"https:\/\/www.oparanews.com.br\/index.php\/wp-json\/wp\/v2\/types\/post"}],"author":[{"embeddable":true,"href":"https:\/\/www.oparanews.com.br\/index.php\/wp-json\/wp\/v2\/users\/1"}],"replies":[{"embeddable":true,"href":"https:\/\/www.oparanews.com.br\/index.php\/wp-json\/wp\/v2\/comments?post=7084"}],"version-history":[{"count":0,"href":"https:\/\/www.oparanews.com.br\/index.php\/wp-json\/wp\/v2\/posts\/7084\/revisions"}],"wp:attachment":[{"href":"https:\/\/www.oparanews.com.br\/index.php\/wp-json\/wp\/v2\/media?parent=7084"}],"wp:term":[{"taxonomy":"category","embeddable":true,"href":"https:\/\/www.oparanews.com.br\/index.php\/wp-json\/wp\/v2\/categories?post=7084"},{"taxonomy":"post_tag","embeddable":true,"href":"https:\/\/www.oparanews.com.br\/index.php\/wp-json\/wp\/v2\/tags?post=7084"}],"curies":[{"name":"wp","href":"https:\/\/api.w.org\/{rel}","templated":true}]}}