{"id":7103,"date":"2020-06-07T21:14:48","date_gmt":"2020-06-07T21:14:48","guid":{"rendered":"https:\/\/oparanews.com.br\/?p=7103"},"modified":"2020-06-07T21:14:48","modified_gmt":"2020-06-07T21:14:48","slug":"manifestantes-fazem-ato-contra-bolsonaro-em-sao-paulo","status":"publish","type":"post","link":"https:\/\/www.oparanews.com.br\/index.php\/2020\/06\/07\/manifestantes-fazem-ato-contra-bolsonaro-em-sao-paulo\/","title":{"rendered":"Manifestantes fazem ato contra Bolsonaro em S\u00e3o Paulo"},"content":{"rendered":"<p>Manifestantes se re\u00fanem na tarde deste domingo (7) em um protesto contra o presidente Jair Bolsonaro (sem partido), contra o racismo e o fascismo e a favor da democracia no Largo da Batata, em Pinheiros, Zona Oeste da capital paulista.<\/p>\n<p>O ato come\u00e7ou por volta das 14h de forma pac\u00edfica e foi convocado por movimentos negros, torcidas organizadas dos quatro grandes clubes de S\u00e3o Paulo e por movimentos sociais integrantes da &#8216;Frente Povo Sem Medo&#8217;. O protesto foi transferido para Pinheiros depois de uma decis\u00e3o judicial que proibiu atos antag\u00f4nicos na Avenida Paulista.<\/p>\n<p>Nas redes sociais, o governador de S\u00e3o Paulo, Jo\u00e3o Doria (PSDB), afirmou neste domingo (7) que convidou membros do Minist\u00e9rio P\u00fablico de SP e da Ordem dos Advogados do Brasil (OAB) para acompanharem a opera\u00e7\u00e3o montada pelo governo paulista para garantir a seguran\u00e7a dos manifestantes.<\/p>\n<p>&#8220;Nosso governo convidou representantes do Minist\u00e9rio P\u00fablico e da OAB para acompanhar do Centro de Opera\u00e7\u00f5es da Pol\u00edcia Militar a a\u00e7\u00e3o da PM nas manifesta\u00e7\u00f5es que acontecem hoje na Capital. Compromisso com a transpar\u00eancia no trabalho da Pol\u00edcia Militar de SP&#8221;, disse Doria.<\/p>\n<p>Por volta das 16h15, os manifestantes come\u00e7aram a andar pela Rua dos Pinheiros, pr\u00f3xima ao ponto de concentra\u00e7\u00e3o. \u00c0s 17h, eles continuavam na via. Integrantes dos movimentos sociais da &#8220;Frente Povo Sem Medo&#8221;, declaram a manifesta\u00e7\u00e3o encerrada no Largo da Batata e n\u00e3o sa\u00edram em caminhada.<\/p>\n<p>Quando caminhavam pela rua dos Pinheiros, um pequeno grupo de manifestantes mascarados quebrou a vidra\u00e7a de uma ag\u00eancia banc\u00e1ria, mas logo foram repelidos pelos membros do movimento negro, que gritavam para que eles parecem de depredar o espa\u00e7o e n\u00e3o desvirtuar a o objetivo pac\u00edfico da manifesta\u00e7\u00e3o.<\/p>\n<p>Houve um princ\u00edpio de tumulto que a PM tentou intervir, mas logo foi controlado por algumas lideran\u00e7as pac\u00edficas.<\/p>\n<p>&nbsp;<\/p>\n<p><strong>Fonte: G1<\/strong><\/p>\n<p>&nbsp;<\/p>\n","protected":false},"excerpt":{"rendered":"<p>Manifestantes se re\u00fanem na tarde deste domingo (7) em um protesto contra o presidente Jair Bolsonaro (sem partido), contra o racismo e o fascismo e a favor da democracia no Largo da Batata, em Pinheiros, Zona Oeste da capital paulista. O ato come\u00e7ou por volta das 14h de forma pac\u00edfica e foi convocado por movimentos &hellip;<\/p>\n","protected":false},"author":1,"featured_media":7104,"comment_status":"open","ping_status":"open","sticky":false,"template":"","format":"standard","meta":{"_jetpack_newsletter_access":"","_jetpack_dont_email_post_to_subs":false,"_jetpack_newsletter_tier_id":0,"_jetpack_memberships_contains_paywalled_content":false,"_jetpack_memberships_contains_paid_content":false,"footnotes":""},"categories":[1],"tags":[],"class_list":["post-7103","post","type-post","status-publish","format-standard","has-post-thumbnail","hentry","category-destaque"],"jetpack_sharing_enabled":true,"jetpack_featured_media_url":"","_links":{"self":[{"href":"https:\/\/www.oparanews.com.br\/index.php\/wp-json\/wp\/v2\/posts\/7103","targetHints":{"allow":["GET"]}}],"collection":[{"href":"https:\/\/www.oparanews.com.br\/index.php\/wp-json\/wp\/v2\/posts"}],"about":[{"href":"https:\/\/www.oparanews.com.br\/index.php\/wp-json\/wp\/v2\/types\/post"}],"author":[{"embeddable":true,"href":"https:\/\/www.oparanews.com.br\/index.php\/wp-json\/wp\/v2\/users\/1"}],"replies":[{"embeddable":true,"href":"https:\/\/www.oparanews.com.br\/index.php\/wp-json\/wp\/v2\/comments?post=7103"}],"version-history":[{"count":0,"href":"https:\/\/www.oparanews.com.br\/index.php\/wp-json\/wp\/v2\/posts\/7103\/revisions"}],"wp:attachment":[{"href":"https:\/\/www.oparanews.com.br\/index.php\/wp-json\/wp\/v2\/media?parent=7103"}],"wp:term":[{"taxonomy":"category","embeddable":true,"href":"https:\/\/www.oparanews.com.br\/index.php\/wp-json\/wp\/v2\/categories?post=7103"},{"taxonomy":"post_tag","embeddable":true,"href":"https:\/\/www.oparanews.com.br\/index.php\/wp-json\/wp\/v2\/tags?post=7103"}],"curies":[{"name":"wp","href":"https:\/\/api.w.org\/{rel}","templated":true}]}}