{"id":7106,"date":"2020-06-07T21:18:11","date_gmt":"2020-06-07T21:18:11","guid":{"rendered":"https:\/\/oparanews.com.br\/?p=7106"},"modified":"2020-06-07T21:18:11","modified_gmt":"2020-06-07T21:18:11","slug":"rivais-no-mundial-de-2006-gabiru-e-deco-jogaram-juntos-no-csa","status":"publish","type":"post","link":"https:\/\/www.oparanews.com.br\/index.php\/2020\/06\/07\/rivais-no-mundial-de-2006-gabiru-e-deco-jogaram-juntos-no-csa\/","title":{"rendered":"Rivais no Mundial de 2006, Gabiru e Deco jogaram juntos no CSA"},"content":{"rendered":"<p>Her\u00f3i do Inter, cria do CSA. Adriano Gabiru marcou tamb\u00e9m seu nome na hist\u00f3ria do Azul\u00e3o antes de fazer o gol do t\u00edtulo mundial do Colorado, em 2006.<\/p>\n<p>Alagoano de Macei\u00f3, ele come\u00e7ou na base do CSA, ainda no velho Mutange, e ganhou a primeira chance em 1996. Aos 20 anos, chegou a jogar com o meia Deco no setor de cria\u00e7\u00e3o. Melhor: juntos, foram campe\u00f5es alagoanos em 1997.<\/p>\n<p>Curiosamente, nove anos depois, eles se enfrentaram no Mundial Interclubes, reprisado neste domingo pela TV Globo e o GloboEsporte.com. No duelo entre Inter e Barcelona, em 2006, Gabiru levou a melhor, fez o gol da vit\u00f3ria por 1 a 0 e ficou com a ta\u00e7a.<\/p>\n<p>Deco em Alagoas<\/p>\n<p>O paulista Deco foi contratado pelo CSA em 1997, depois de se destacar na Copa S\u00e3o Paulo pelo Corinthians. Era jovem, com 20 anos, ainda no in\u00edcio de carreira.<\/p>\n<p>De Alagoas, ele foi para Portugal e ganhou status de craque no futebol europeu. Com Ronaldinho &amp; CIA, virou astro de um poderoso Barcelona.<\/p>\n<p>Adriano vive hoje em Curitiba, tem 42 anos e diz que continua tendo um carinho enorme pelo CSA.<\/p>\n<p>&#8211; Eu comecei no CSA e ganhei o t\u00edtulo do Alagoano de 1997. Mas tamb\u00e9m tenho uma linda hist\u00f3ria no Inter. Tem time que n\u00e3o bota o que o CSA bota [nos est\u00e1dios], o que o CSA faz. Respeito o rival, mas a torcida do CSA que vai n\u00e3o \u00e9 brincadeira. \u00c9 monstro. Agrade\u00e7o demais ao CSA, \u00e9 o meu time, foi quem me ajudou a conquistar tudo na minha carreira &#8211; recordou Gabiru.<\/p>\n<p>&nbsp;<\/p>\n<p><strong>Fonte: Globoesporte<\/strong><\/p>\n<p>&nbsp;<\/p>\n","protected":false},"excerpt":{"rendered":"<p>Her\u00f3i do Inter, cria do CSA. Adriano Gabiru marcou tamb\u00e9m seu nome na hist\u00f3ria do Azul\u00e3o antes de fazer o gol do t\u00edtulo mundial do Colorado, em 2006. Alagoano de Macei\u00f3, ele come\u00e7ou na base do CSA, ainda no velho Mutange, e ganhou a primeira chance em 1996. Aos 20 anos, chegou a jogar com &hellip;<\/p>\n","protected":false},"author":1,"featured_media":7107,"comment_status":"open","ping_status":"open","sticky":false,"template":"","format":"standard","meta":{"_jetpack_newsletter_access":"","_jetpack_dont_email_post_to_subs":false,"_jetpack_newsletter_tier_id":0,"_jetpack_memberships_contains_paywalled_content":false,"_jetpack_memberships_contains_paid_content":false,"footnotes":""},"categories":[1],"tags":[],"class_list":["post-7106","post","type-post","status-publish","format-standard","has-post-thumbnail","hentry","category-destaque"],"jetpack_sharing_enabled":true,"jetpack_featured_media_url":"","_links":{"self":[{"href":"https:\/\/www.oparanews.com.br\/index.php\/wp-json\/wp\/v2\/posts\/7106","targetHints":{"allow":["GET"]}}],"collection":[{"href":"https:\/\/www.oparanews.com.br\/index.php\/wp-json\/wp\/v2\/posts"}],"about":[{"href":"https:\/\/www.oparanews.com.br\/index.php\/wp-json\/wp\/v2\/types\/post"}],"author":[{"embeddable":true,"href":"https:\/\/www.oparanews.com.br\/index.php\/wp-json\/wp\/v2\/users\/1"}],"replies":[{"embeddable":true,"href":"https:\/\/www.oparanews.com.br\/index.php\/wp-json\/wp\/v2\/comments?post=7106"}],"version-history":[{"count":0,"href":"https:\/\/www.oparanews.com.br\/index.php\/wp-json\/wp\/v2\/posts\/7106\/revisions"}],"wp:attachment":[{"href":"https:\/\/www.oparanews.com.br\/index.php\/wp-json\/wp\/v2\/media?parent=7106"}],"wp:term":[{"taxonomy":"category","embeddable":true,"href":"https:\/\/www.oparanews.com.br\/index.php\/wp-json\/wp\/v2\/categories?post=7106"},{"taxonomy":"post_tag","embeddable":true,"href":"https:\/\/www.oparanews.com.br\/index.php\/wp-json\/wp\/v2\/tags?post=7106"}],"curies":[{"name":"wp","href":"https:\/\/api.w.org\/{rel}","templated":true}]}}