{"id":7112,"date":"2020-06-07T21:45:33","date_gmt":"2020-06-07T21:45:33","guid":{"rendered":"https:\/\/oparanews.com.br\/?p=7112"},"modified":"2020-06-07T21:45:33","modified_gmt":"2020-06-07T21:45:33","slug":"barcelona-pode-reduzir-salario-do-elenco-em-ate-70","status":"publish","type":"post","link":"https:\/\/www.oparanews.com.br\/index.php\/2020\/06\/07\/barcelona-pode-reduzir-salario-do-elenco-em-ate-70\/","title":{"rendered":"Barcelona pode reduzir sal\u00e1rio do elenco em at\u00e9 70%"},"content":{"rendered":"<p>Desde a paralisa\u00e7\u00e3o do futebol por conta da pandemia do coronav\u00edrus, tem sido normal que clubes ao redor do mundo reduzam os sal\u00e1rios de seus atletas. A crise tamb\u00e9m chegou aos times mais ricos do planeta, e o Barcelona j\u00e1 teve que cortar uma boa parte dos pagamentos aos seus jogadores. A poucos dias do retorno do Campeonato Espanhol, a La Liga pediu que as equipes negociassem uma nova redu\u00e7\u00e3o salarial, e os catal\u00e3es aparentemente ter\u00e3o dificuldades para isso, segundo o jornal Marca.<\/p>\n<p>Quando a redu\u00e7\u00e3o foi negociada, aceita e divulgada, em mar\u00e7o, os atletas n\u00e3o se recusaram a receber menos do que o normal. Mas a expectativa era de que, com o retorno dos jogos, os sal\u00e1rios pudessem voltar ao usual. Entretanto, o Bar\u00e7a pede agora uma redu\u00e7\u00e3o de 70% nos vencimentos de seu elenco nas pr\u00f3ximas semanas e 50% na primeira metade de julho.<\/p>\n<p>A proposta foi uma surpresa para Messi e companhia, ainda mais quando feita \u00e0s v\u00e9speras da retomada da La Liga. H\u00e1 um questionamento por parte do elenco quanto ao momento em que o Barcelona deveria ter se posicionado. Outros clubes, como o Real Madrid, fizeram acordo com os jogadores at\u00e9 o final da temporada, considerando a possibilidade de retomada ou cancelamento dos campeonatos, com um corte diferente para cada situa\u00e7\u00e3o.<\/p>\n<p>Em meio \u00e0s novas negocia\u00e7\u00f5es, o Bar\u00e7a faz os \u00faltimos preparativos antes de voltar a competir. A bola vai rolar na Espanha a partir desta quinta-feira. L\u00edder do Campeonato Espanhol, o time catal\u00e3o enfrenta o Mallorca, no s\u00e1bado, fora de casa.<\/p>\n<p>&nbsp;<\/p>\n<p><strong>Fonte: Terra<\/strong><\/p>\n<p>&nbsp;<\/p>\n","protected":false},"excerpt":{"rendered":"<p>Desde a paralisa\u00e7\u00e3o do futebol por conta da pandemia do coronav\u00edrus, tem sido normal que clubes ao redor do mundo reduzam os sal\u00e1rios de seus atletas. A crise tamb\u00e9m chegou aos times mais ricos do planeta, e o Barcelona j\u00e1 teve que cortar uma boa parte dos pagamentos aos seus jogadores. A poucos dias do &hellip;<\/p>\n","protected":false},"author":1,"featured_media":7113,"comment_status":"open","ping_status":"open","sticky":false,"template":"","format":"standard","meta":{"_jetpack_newsletter_access":"","_jetpack_dont_email_post_to_subs":false,"_jetpack_newsletter_tier_id":0,"_jetpack_memberships_contains_paywalled_content":false,"_jetpack_memberships_contains_paid_content":false,"footnotes":""},"categories":[1],"tags":[],"class_list":["post-7112","post","type-post","status-publish","format-standard","has-post-thumbnail","hentry","category-destaque"],"jetpack_sharing_enabled":true,"jetpack_featured_media_url":"","_links":{"self":[{"href":"https:\/\/www.oparanews.com.br\/index.php\/wp-json\/wp\/v2\/posts\/7112","targetHints":{"allow":["GET"]}}],"collection":[{"href":"https:\/\/www.oparanews.com.br\/index.php\/wp-json\/wp\/v2\/posts"}],"about":[{"href":"https:\/\/www.oparanews.com.br\/index.php\/wp-json\/wp\/v2\/types\/post"}],"author":[{"embeddable":true,"href":"https:\/\/www.oparanews.com.br\/index.php\/wp-json\/wp\/v2\/users\/1"}],"replies":[{"embeddable":true,"href":"https:\/\/www.oparanews.com.br\/index.php\/wp-json\/wp\/v2\/comments?post=7112"}],"version-history":[{"count":0,"href":"https:\/\/www.oparanews.com.br\/index.php\/wp-json\/wp\/v2\/posts\/7112\/revisions"}],"wp:attachment":[{"href":"https:\/\/www.oparanews.com.br\/index.php\/wp-json\/wp\/v2\/media?parent=7112"}],"wp:term":[{"taxonomy":"category","embeddable":true,"href":"https:\/\/www.oparanews.com.br\/index.php\/wp-json\/wp\/v2\/categories?post=7112"},{"taxonomy":"post_tag","embeddable":true,"href":"https:\/\/www.oparanews.com.br\/index.php\/wp-json\/wp\/v2\/tags?post=7112"}],"curies":[{"name":"wp","href":"https:\/\/api.w.org\/{rel}","templated":true}]}}