{"id":7118,"date":"2020-06-07T21:57:05","date_gmt":"2020-06-07T21:57:05","guid":{"rendered":"https:\/\/oparanews.com.br\/?p=7118"},"modified":"2020-06-07T21:57:05","modified_gmt":"2020-06-07T21:57:05","slug":"papa-francisco-diz-que-italia-superou-pandemia","status":"publish","type":"post","link":"https:\/\/www.oparanews.com.br\/index.php\/2020\/06\/07\/papa-francisco-diz-que-italia-superou-pandemia\/","title":{"rendered":"Papa Francisco diz que It\u00e1lia superou pandemia"},"content":{"rendered":"<p>A Santa S\u00e9 disse hoje (7) que, atualmente, n\u00e3o h\u00e1 mais casos novos de pessoas infectadas pelo novo coronavirus no Vaticano, no mesmo dia em que o papa Francisco considerou que a It\u00e1lia superou a pandemia.<\/p>\n<p>&#8220;A \u00faltima pessoa declarada doente com a covid-19 nas \u00faltimas semanas deu negativo nos testes&#8221;, anunciou o diretor de Servi\u00e7os de Imprensa, Matteo Bruni, em comunicado divulgado nesse s\u00e1bado (6) \u00e0 noite.<\/p>\n<p>O documento diz que, &#8220;at\u00e9 o momento, n\u00e3o h\u00e1 mais nenhum caso de novo coronavirus entre os funcion\u00e1rios da Santa S\u00e9&#8221;, ou no Vaticano, onde foram identificadas 12 pessoas contaminadas &#8220;devidamente isoladas&#8221; quando a doen\u00e7a foi detectada.<\/p>\n<p>A Pra\u00e7a de S\u00e3o Pedro esteve interditada durante quase tr\u00eas meses, por causa da pandemia. Hoje, o papa Francisco na tradicional ora\u00e7\u00e3o Angelus, mostrou-se emocionado ao ver centenas de pessoas espalhadas pelo espa\u00e7o, cumprindo o distanciamento social, mas manteve o apelo \u00e0 prud\u00eancia.<\/p>\n<p>&#8220;A vossa presen\u00e7a nesta pra\u00e7a \u00e9 sinal de que a fase aguda da pandemia foi superada na It\u00e1lia, mas sejam prudentes, n\u00e3o declarem a vit\u00f3ria cedo demais&#8221;, alertou o papa que considerou &#8220;necess\u00e1rio seguir as medidas em vigor&#8221; de forma a evitar a volta do v\u00edrus.<\/p>\n<p>&#8220;Gra\u00e7as a Deus estamos saindo gradualmente da pandemia de covid-19&#8221;, disse.<\/p>\n<p>Natural da Argentina, Francisco n\u00e3o escondeu o seu des\u00e2nimo por, &#8220;infelizmente, em outros pa\u00edses, particularmente na Am\u00e9rica Latina, o v\u00edrus continua a fazer in\u00fameras v\u00edtimas&#8221;. Ele lembrou que, h\u00e1 dois dias, no espa\u00e7o de 24 horas, a cada minuto se registava uma morte de uma pessoa infectada.<\/p>\n<p>O papa manifestou &#8220;solidariedade para com esses povos, doentes e familiares e todos os que cuidam e trabalham&#8221; no combate \u00e0 pandemia.<\/p>\n<p>O chefe da Igreja apelou aos cidad\u00e3os de outros pa\u00edses que ainda se encontram em confinamento que cumpram as regras determinadas pelas autoridades.<\/p>\n<p>De acordo com o relat\u00f3rio oficial da prote\u00e7\u00e3o civil italiana, a pandemia matou 33.846 pessoas em quatro meses e est\u00e1 agora controlada com 72 mortes e 270 contamina\u00e7\u00f5es nas \u00faltimas 24 horas.<\/p>\n<p>A It\u00e1lia iniciou, h\u00e1 um m\u00eas, o desconfinamento gradual.<\/p>\n<p>&nbsp;<\/p>\n<p><strong>Fonte: Ag\u00eancia Brasil<\/strong><\/p>\n<p>&nbsp;<\/p>\n","protected":false},"excerpt":{"rendered":"<p>A Santa S\u00e9 disse hoje (7) que, atualmente, n\u00e3o h\u00e1 mais casos novos de pessoas infectadas pelo novo coronavirus no Vaticano, no mesmo dia em que o papa Francisco considerou que a It\u00e1lia superou a pandemia. &#8220;A \u00faltima pessoa declarada doente com a covid-19 nas \u00faltimas semanas deu negativo nos testes&#8221;, anunciou o diretor de &hellip;<\/p>\n","protected":false},"author":1,"featured_media":7119,"comment_status":"open","ping_status":"open","sticky":false,"template":"","format":"standard","meta":{"_jetpack_newsletter_access":"","_jetpack_dont_email_post_to_subs":false,"_jetpack_newsletter_tier_id":0,"_jetpack_memberships_contains_paywalled_content":false,"_jetpack_memberships_contains_paid_content":false,"footnotes":""},"categories":[1],"tags":[],"class_list":["post-7118","post","type-post","status-publish","format-standard","has-post-thumbnail","hentry","category-destaque"],"jetpack_sharing_enabled":true,"jetpack_featured_media_url":"","_links":{"self":[{"href":"https:\/\/www.oparanews.com.br\/index.php\/wp-json\/wp\/v2\/posts\/7118","targetHints":{"allow":["GET"]}}],"collection":[{"href":"https:\/\/www.oparanews.com.br\/index.php\/wp-json\/wp\/v2\/posts"}],"about":[{"href":"https:\/\/www.oparanews.com.br\/index.php\/wp-json\/wp\/v2\/types\/post"}],"author":[{"embeddable":true,"href":"https:\/\/www.oparanews.com.br\/index.php\/wp-json\/wp\/v2\/users\/1"}],"replies":[{"embeddable":true,"href":"https:\/\/www.oparanews.com.br\/index.php\/wp-json\/wp\/v2\/comments?post=7118"}],"version-history":[{"count":0,"href":"https:\/\/www.oparanews.com.br\/index.php\/wp-json\/wp\/v2\/posts\/7118\/revisions"}],"wp:attachment":[{"href":"https:\/\/www.oparanews.com.br\/index.php\/wp-json\/wp\/v2\/media?parent=7118"}],"wp:term":[{"taxonomy":"category","embeddable":true,"href":"https:\/\/www.oparanews.com.br\/index.php\/wp-json\/wp\/v2\/categories?post=7118"},{"taxonomy":"post_tag","embeddable":true,"href":"https:\/\/www.oparanews.com.br\/index.php\/wp-json\/wp\/v2\/tags?post=7118"}],"curies":[{"name":"wp","href":"https:\/\/api.w.org\/{rel}","templated":true}]}}